{"id":90234,"date":"2023-09-24T20:14:35","date_gmt":"2023-09-24T23:14:35","guid":{"rendered":"https:\/\/corrientesdetarde.com\/?p=90234"},"modified":"2023-09-24T20:14:46","modified_gmt":"2023-09-24T23:14:46","slug":"mendoza-cerro-el-comicio-con-mas-del-71-de-asistencia","status":"publish","type":"post","link":"https:\/\/corrientesdetarde.com\/index.php\/politica\/mendoza-cerro-el-comicio-con-mas-del-71-de-asistencia\/","title":{"rendered":"MENDOZA: CERR\u00d3 EL COMICIO CON M\u00c1S DEL 71% DE ASISTENCIA"},"content":{"rendered":"\n<p>La votaci\u00f3n para las elecciones de gobernador en la provincia de Mendoza, con casi un mill\u00f3n y medio de personas habilitadas para votar, cerr\u00f3 a las 18 con una participaci\u00f3n electoral aproximada del 71%, adelantaron fuentes de la Junta Electoral Provincial.<\/p>\n\n\n\n<p>Adem\u00e1s de la f\u00f3rmula a la gobernaci\u00f3n en Mendoza, se vot\u00f3 la renovaci\u00f3n de la mitad de los integrantes de sus c\u00e1maras de senadores y diputados provinciales e intendentes y concejales en once municipios que no desdoblaron sus comicios locales de los provinciales.<\/p>\n\n\n\n<p>En la jornada se utiliz\u00f3 la boleta \u00fanica de papel que ya fue estrenada a nivel provincial en las primarias, simultaneas, abiertas y obligatorias (PASO) llevadas adelante el 11 de junio, ocasi\u00f3n en la que se registr\u00f3 poco m\u00e1s de un 66% de asistencia a votar en la provincia cuyana.<\/p>\n\n\n\n<p>&#8220;Creemos que estamos en un porcentaje de alrededor del 71% &#8221; dijo a la prensa local esta tarde el Secretario de la Junta Electoral, Jorge Albarrac\u00edn, quien destac\u00f3 que el guarismo super\u00f3 al de las primarias del 11 de junio.<\/p>\n\n\n\n<p>Los principales candidatos a la gobernaci\u00f3n el senador radical Alfredo Cornejo (Frente Cambia Mendoza), el diputado nacional Omar De Marchi (La Uni\u00f3n Mendocina) y el exintendente de Luj\u00e1n de Cuyo Omar Parisi (Frente Eleg\u00ed Mendoza), votaron antes del mediod\u00eda en las elecciones de las que surgir\u00e1 el sucesor del actual mandatario, Rodolfo Su\u00e1rez, y en las que se renovar\u00e1n la mitad de los integrantes de las c\u00e1maras de senadores y diputados provinciales, adem\u00e1s de intendentes y concejales en once municipios.<\/p>\n\n\n\n<p>El radical Cornejo, que gobern\u00f3 a Mendoza entre 2015 y 2019, vot\u00f3 esta ma\u00f1ana en la escuela &#8220;Julio Lemos&#8221;, en Godoy Cruz, y en declaraciones a la prensa se mostr\u00f3 confiado en que los mendocinos &#8220;elijan un buen gobierno&#8221;.<\/p>\n\n\n\n<p>Por su parte, De Marchi vot\u00f3 en la escuela &#8220;Teresa O&#8217;Connor&#8221;, de Luj\u00e1n de Cuyo, y opin\u00f3 que la campa\u00f1a electoral result\u00f3 &#8220;rara porque apareci\u00f3 un espacio&#8221; como el que integra que, sostuvo, &#8220;pate\u00f3 el hormiguero&#8221;.<\/p>\n\n\n\n<p>En tanto, Omar Parisi, que agrupa en el Frente Eleg\u00ed Mendoza al justicialismo y a varios partidos aliados, consider\u00f3 que su campa\u00f1a aport\u00f3 &#8220;propuestas&#8221; y busc\u00f3 &#8220;escuchar a los mendocinos&#8221;; lo dijo tras emitir su voto en el Colegio San Pablo, de Luj\u00e1n de Cuyo.<\/p>\n\n\n\n<p>Luego de votar, el gobernador Su\u00e1rez asegur\u00f3 hoy que en la Argentina &#8220;que estamos viviendo, seguramente de cambios, Mendoza va a estar en una posici\u00f3n muy buena para crecer cuando la macroeconom\u00eda se acomode&#8221;.<\/p>\n\n\n\n<p>Quien tambi\u00e9n emiti\u00f3 su voto durante la ma\u00f1ana en las elecciones a gobernador de Mendoza fue el radical Luis Petri, candidato a vicepresidente en la lista de Juntos por el Cambio que encabeza Patricia Bullrich.<\/p>\n\n\n\n<p>En los comicios, que comenzaron a las 8 y culminaron a las 18, volvi\u00f3 a utilizarse la boleta \u00fanica de papel que hab\u00eda sido estrenada a nivel provincial en las primarias realizadas el 11 de junio pasado.<\/p>\n\n\n\n<p>Unas 4.363 mesas de votaci\u00f3n fueron dispuestas en los 656 establecimientos educativos habilitados para las elecciones, que son custodiadas por 4.648 efectivos policiales.<\/p>\n\n\n\n<p>Pasadas las 12.30 hab\u00eda emitido su voto el 37% del padr\u00f3n habilitado para sufragar, inform\u00f3 el presidente de la Suprema Corte de Justicia mendocina, Dalmiro Garay.<\/p>\n\n\n\n<p>En tanto, la Junta Electoral pidi\u00f3 a los medios de comunicaci\u00f3n que &#8220;informen a la ciudadan\u00eda que no se puede entrevistar a los electores en las inmediaciones de los establecimientos de votaci\u00f3n para la realizaci\u00f3n de bocas de urnas&#8221;.<\/p>\n\n\n\n<p>Le medida se explic\u00f3 por la presencia de encuestadores en los centros de votaci\u00f3n en las elecciones provinciales.<\/p>\n\n\n\n<p>Se espera que alrededor de las 22 se difundan los primeros resultados, adelantaron fuentes de la Junta Electoral.<\/p>\n\n\n\n<p>Adem\u00e1s de consagrar a quien ser\u00e1 el sucesor del actual gobernador Su\u00e1rez se definir\u00e1n hoy en los comicios 19 senadores provinciales y 24 diputados provinciales en cuatro secciones electorales.<\/p>\n\n\n\n<p>Las elecciones servir\u00e1n tambi\u00e9n para renovar autoridades comunales y la mitad de los Concejos Deliberantes en once departamentos.<\/p>\n\n\n\n<p>Por el Frente Cambia Mendoza aspira al Ejecutivo provincial el senador radical y exgobernador Cornejo, acompa\u00f1ado en la f\u00f3rmula por la exdiputada provincial del PRO, Hebe Casado, oriunda de San Rafael.<\/p>\n\n\n\n<p>En una provincia donde no est\u00e1 habilitada la reelecci\u00f3n, Su\u00e1rez y Cornejo mantienen un acuerdo pol\u00edtico por el cual el gobernador actual, que fue candidato a senador suplente, podr\u00e1 completar los a\u00f1os restantes de mandato de Cornejo en la C\u00e1mara Alta si este ultimo resulta elegido gobernador.<\/p>\n\n\n\n<p>Por otra parte, De Marchi, decidi\u00f3 competir por afuera de la coalici\u00f3n gobernante con una nueva alianza, &#8220;La Uni\u00f3n Mendocina&#8221;, y lleva como compa\u00f1ero de f\u00f3rmula para vicegobernador al intendente del departamento de Las Heras, oriundo de radicalismo, Daniel Orozco.<\/p>\n\n\n\n<p>De Marchi y Cornejo tuvieron un enfrentamiento que culmin\u00f3 en una ruptura formal durante el cierre de listas en abril pasado, cuando el diputado se qued\u00f3 sin el sello PRO y fund\u00f3 una fuerza propia.<\/p>\n\n\n\n<p>En tanto, Parisi lleva como candidato a vicegobernador a Lucas Ilardo, presidente del bloque del PJ-Frente de Todos (FdT) en el Senado provincial.<\/p>\n\n\n\n<p>Adem\u00e1s, por el Frente de Izquierda compite el binomio integrado por los exlegislador provinciales Lautaro Jim\u00e9nez y Noelia Barbeito, mientras que el Partido Verde va con el exlegislador Mario Vadillo y el diputado provincial Emanuel Fugazzotto, tras superar ambos espacios en las PASO el piso del 3% de votos necesarios participar de los comicios provinciales.<\/p>\n\n\n\n<p>En tanto, la Ciudad de Mendoza, Guaymall\u00e9n, Godoy Cruz, Las Heras, Luj\u00e1n de Cuyo, General Alvear, Malarg\u00fce, Tupungato, San Mart\u00edn, Rivadavia y Jun\u00edn votar\u00e1n -adem\u00e1s de las autoridades provinciales- a sus propios jefes municipales.<\/p>\n\n\n\n<p>El 3 de septiembre pasado tuvieron sus elecciones comunales (intendentes y concejales) los departamentos de Lavalle, La Paz, Santa Rosa, Maip\u00fa, Tunuy\u00e1n, San Carlos y San Rafael, por lo que hoy s\u00f3lo votar\u00e1n candidaturas para la gobernaci\u00f3n y legisladores provinciales.<\/p>\n\n\n\n<p>En esos comicios municipales desdoblados el peronismo retuvo las seis intendencias que pon\u00eda en juego mientras que en San Carlos gan\u00f3 el candidato de &#8220;Encuentro por San Carlos&#8221;, que responde al sector de De Marchi.<\/p>\n\n\n\n<p>En las primarias provinciales del 11 de junio pasado, Cornejo gan\u00f3 la interna de su espacio ante Petri, y ese frente fue el m\u00e1s votado con un 42.68%.<\/p>\n\n\n\n<p>En segundo lugar, con un 20.29% de los sufragios, qued\u00f3 el diputado del PRO De Marchi, con la Uni\u00f3n Mendocina, mientras que el Frente Eleg\u00ed Mendoza alcanz\u00f3 un 15.68% entre las cuatro listas que lo compon\u00edan y Parisi fue el triunfador dentro de la interna.<\/p>\n","protected":false},"excerpt":{"rendered":"<p>La votaci\u00f3n para las elecciones de gobernador en la provincia de Mendoza, con casi un mill\u00f3n y medio de personas habilitadas para votar, cerr\u00f3 a las 18 con una participaci\u00f3n&hellip; <\/p>\n","protected":false},"author":11,"featured_media":90237,"comment_status":"closed","ping_status":"open","sticky":false,"template":"","format":"standard","meta":{"footnotes":""},"categories":[26,3],"tags":[378,134],"class_list":["post-90234","post","type-post","status-publish","format-standard","has-post-thumbnail","hentry","category-destacados","category-politica","tag-elecciones","tag-mendoza"],"_links":{"self":[{"href":"https:\/\/corrientesdetarde.com\/index.php\/wp-json\/wp\/v2\/posts\/90234","targetHints":{"allow":["GET"]}}],"collection":[{"href":"https:\/\/corrientesdetarde.com\/index.php\/wp-json\/wp\/v2\/posts"}],"about":[{"href":"https:\/\/corrientesdetarde.com\/index.php\/wp-json\/wp\/v2\/types\/post"}],"author":[{"embeddable":true,"href":"https:\/\/corrientesdetarde.com\/index.php\/wp-json\/wp\/v2\/users\/11"}],"replies":[{"embeddable":true,"href":"https:\/\/corrientesdetarde.com\/index.php\/wp-json\/wp\/v2\/comments?post=90234"}],"version-history":[{"count":1,"href":"https:\/\/corrientesdetarde.com\/index.php\/wp-json\/wp\/v2\/posts\/90234\/revisions"}],"predecessor-version":[{"id":90238,"href":"https:\/\/corrientesdetarde.com\/index.php\/wp-json\/wp\/v2\/posts\/90234\/revisions\/90238"}],"wp:featuredmedia":[{"embeddable":true,"href":"https:\/\/corrientesdetarde.com\/index.php\/wp-json\/wp\/v2\/media\/90237"}],"wp:attachment":[{"href":"https:\/\/corrientesdetarde.com\/index.php\/wp-json\/wp\/v2\/media?parent=90234"}],"wp:term":[{"taxonomy":"category","embeddable":true,"href":"https:\/\/corrientesdetarde.com\/index.php\/wp-json\/wp\/v2\/categories?post=90234"},{"taxonomy":"post_tag","embeddable":true,"href":"https:\/\/corrientesdetarde.com\/index.php\/wp-json\/wp\/v2\/tags?post=90234"}],"curies":[{"name":"wp","href":"https:\/\/api.w.org\/{rel}","templated":true}]}}