{"id":90285,"date":"2023-09-25T08:47:33","date_gmt":"2023-09-25T11:47:33","guid":{"rendered":"https:\/\/corrientesdetarde.com\/?p=90285"},"modified":"2023-09-25T08:47:45","modified_gmt":"2023-09-25T11:47:45","slug":"el-fiesta-asalto-manyin-sevivio-a-pleno-en-kaaru-muni","status":"publish","type":"post","link":"https:\/\/corrientesdetarde.com\/index.php\/informacion-general\/el-fiesta-asalto-manyin-sevivio-a-pleno-en-kaaru-muni\/","title":{"rendered":"El fiesta Asalto Manyin sevivi\u00f3 a pleno en Ka&#8217;aru Muni\u00a0"},"content":{"rendered":"\n<p>En el Mes de la Juventud, la Municipalidad de la ciudad de Corrientes, a trav\u00e9s de la Secretar\u00eda de Cultura y Educaci\u00f3n, propuso que Asalto Manyin salga de su tradicional espacio y se sume al Ka&#8217;aru Muni.<br><br>Esta fiesta que celebra la diversidad se llev\u00f3 adelante este s\u00e1bado en un nuevo lugar: la playa Malvinas II, y con algunos aditamentos. No falt\u00f3 la m\u00fasica electr\u00f3nica de la mano de Djs en vivo, color, brillo, diversi\u00f3n y desfile de Drag Queen.&nbsp;<br><br>El subsecretario de Desarrollo y Producci\u00f3n Cultural, Federico Maceri, destac\u00f3 el apoyo a las disidencias que se brinda desde el Municipio y, a su vez, la posibilidad del trabajo en conjunto para que esta actividad se lleve adelante.<br><br>\u201cDe forma in\u00e9dita, por primera vez, Asalto Manyin sale de su hist\u00f3rico espacio y esta vez con m\u00fasica electr\u00f3nica, al aire libre y en una edici\u00f3n especial en el Mes de la Juventud, dado que ambas propuestas, tanto el Asalto como el Ka\u2019aru Muni re\u00fanen a un p\u00fablico mayoritariamente joven. LTo que demuestra que desde la Secretar\u00eda de Cultura y Educaci\u00f3n fomentamos un di\u00e1logo permanente con todos los sectores culturales y art\u00edsticos de la ciudad\u201d, asever\u00f3.<br><br>Mencion\u00f3 adem\u00e1s la presencia de emprendedores quienes siempre son parte de las fiestas tem\u00e1ticas que se realizan, con gran convocatoria de p\u00fablico, de manera que puedan ofrecer y visibilizar sus servicios.<br><br>Por su parte, la directora general de Desarrollo y Producci\u00f3n Cultural, Keren Anderson coment\u00f3 que \u201ceste evento surge luego de varios encuentros y de dialogar con el sector de las disidencias y la diversidad. Hoy el d\u00eda acompa\u00f1\u00f3 y estamos muy contentos tambi\u00e9n por la por la respuesta del p\u00fablico. Esto demuestra que podemos acompa\u00f1ar, generar espacios y apoyar a la diversidad, desde la institucionalidad\u201d.<br><br>Al hacer referencia a esta nueva propuesta, Anderson reconoci\u00f3: \u201cEste es un espacio amigable para poder compartir, disfrutar, bailar y tambi\u00e9n para conocer quiz\u00e1s de lo que se trata un show de Drag Queen, poder acercarse a la diversidad, a las disidencias y participar\u201d.<br><br>\u201cHAY QUE TRANSITARLO, SENTIRLO\u201d<br><br>Nicolas pertenece al grupo de cultura independiente que fomenta esta hist\u00f3rica fiesta que lleva ya m\u00e1s de cinco a\u00f1os. Al ser consultado por este nuevo escenario se\u00f1al\u00f3 que \u201chace mucho tiempo no se hace un evento con estas caracter\u00edsticas, en un espacio al aire libre\u201d.<br><br>\u201cSomos una organizaci\u00f3n independiente, nacimos en Espacio Mari\u00f1o, y pertenecemos a la comunidad LGBTIQ+ y organizamos esta fiesta que se hizo conocida de distintas maneras a lo largo del tiempo. Estar hoy aqu\u00ed con el puente de fondo es tambi\u00e9n abrir el espacio para toda la gente. No hay manera de explicar lo que se vive: hay que transitarlo para sentirlo\u201d, reconoci\u00f3.<br><br>SOBRE ASALTO MANYIN<br>\u201cAsalto Manyin\u201d rememora a los asaltos, la m\u00fasica y la iconograf\u00eda de finales de los 90s, principios de los 2000, est\u00e1 muy presente, y de all\u00ed su primer nombre. Manyin representa la \u201cmanija\u201d, el entusiasmo, lo que sucede en la noche, las ganas de seguir \u201cla gira\u201d.<\/p>\n","protected":false},"excerpt":{"rendered":"<p>En el Mes de la Juventud, la Municipalidad de la ciudad de Corrientes, a trav\u00e9s de la Secretar\u00eda de Cultura y Educaci\u00f3n, propuso que Asalto Manyin salga de su tradicional&hellip; <\/p>\n","protected":false},"author":12,"featured_media":90286,"comment_status":"closed","ping_status":"open","sticky":false,"template":"","format":"standard","meta":{"footnotes":""},"categories":[1],"tags":[],"class_list":["post-90285","post","type-post","status-publish","format-standard","has-post-thumbnail","hentry","category-informacion-general"],"_links":{"self":[{"href":"https:\/\/corrientesdetarde.com\/index.php\/wp-json\/wp\/v2\/posts\/90285","targetHints":{"allow":["GET"]}}],"collection":[{"href":"https:\/\/corrientesdetarde.com\/index.php\/wp-json\/wp\/v2\/posts"}],"about":[{"href":"https:\/\/corrientesdetarde.com\/index.php\/wp-json\/wp\/v2\/types\/post"}],"author":[{"embeddable":true,"href":"https:\/\/corrientesdetarde.com\/index.php\/wp-json\/wp\/v2\/users\/12"}],"replies":[{"embeddable":true,"href":"https:\/\/corrientesdetarde.com\/index.php\/wp-json\/wp\/v2\/comments?post=90285"}],"version-history":[{"count":1,"href":"https:\/\/corrientesdetarde.com\/index.php\/wp-json\/wp\/v2\/posts\/90285\/revisions"}],"predecessor-version":[{"id":90287,"href":"https:\/\/corrientesdetarde.com\/index.php\/wp-json\/wp\/v2\/posts\/90285\/revisions\/90287"}],"wp:featuredmedia":[{"embeddable":true,"href":"https:\/\/corrientesdetarde.com\/index.php\/wp-json\/wp\/v2\/media\/90286"}],"wp:attachment":[{"href":"https:\/\/corrientesdetarde.com\/index.php\/wp-json\/wp\/v2\/media?parent=90285"}],"wp:term":[{"taxonomy":"category","embeddable":true,"href":"https:\/\/corrientesdetarde.com\/index.php\/wp-json\/wp\/v2\/categories?post=90285"},{"taxonomy":"post_tag","embeddable":true,"href":"https:\/\/corrientesdetarde.com\/index.php\/wp-json\/wp\/v2\/tags?post=90285"}],"curies":[{"name":"wp","href":"https:\/\/api.w.org\/{rel}","templated":true}]}}