{"id":90294,"date":"2023-09-25T09:05:39","date_gmt":"2023-09-25T12:05:39","guid":{"rendered":"https:\/\/corrientesdetarde.com\/?p=90294"},"modified":"2023-09-25T09:32:37","modified_gmt":"2023-09-25T12:32:37","slug":"un-hombre-salio-a-comprar-cigarrillos-y-no-volvio-fue-hallado-30-anos-despues-y-dio-una-insolita-explicacion","status":"publish","type":"post","link":"https:\/\/corrientesdetarde.com\/index.php\/informacion-general\/un-hombre-salio-a-comprar-cigarrillos-y-no-volvio-fue-hallado-30-anos-despues-y-dio-una-insolita-explicacion\/","title":{"rendered":"Un hombre sali\u00f3 a comprar cigarrillos y no volvi\u00f3: fue hallado 30 a\u00f1os despu\u00e9s y dio una ins\u00f3lita explicaci\u00f3n"},"content":{"rendered":"\n<p>Un ins\u00f3lito episodio sorprendi\u00f3 a los vecinos de\u00a0Comodoro Rivadavia.\u00a0Un hombre que un d\u00eda\u00a0<strong>sali\u00f3 a comprar cigarrillos y nunca volvi\u00f3 a su casa fue hallado despu\u00e9s de 30 a\u00f1os.<\/strong>\u00a0Cuando fue indagado por la Polic\u00eda, brind\u00f3 una<strong>\u00a0ins\u00f3lita explicaci\u00f3n.<\/strong><\/p>\n\n\n\n<p><strong>Adolfo Enrique Sandoval Far\u00edas<\/strong>\u00a0es de nacionalidad chilena y hab\u00eda\u00a0desaparecido\u00a0de su hogar en barrio Ab\u00e1solo una de las noches de entre el 10 y 15 de febrero de\u00a0<strong>1993.<\/strong><\/p>\n\n\n\n<p>En aquel entonces, le hab\u00eda dicho a su pareja:<strong>&nbsp;\u201cVoy hasta el kiosco de la esquina a comprar cigarrillos y regreso\u201d.<\/strong>&nbsp;Sin embargo, no lo volvieron a ver m\u00e1s. En ese momento ten\u00eda 32 a\u00f1os y era t\u00e9cnico electr\u00f3nico de la firma&nbsp;<em>\u201cRadio Lineros\u201d.<\/em><\/p>\n\n\n\n<p>Su esposa, preocupada, realiz\u00f3 la denuncia, pero no obtuvo datos sobre su paradero. Despu\u00e9s de 30 a\u00f1os, la oficial principal Daniela Millatruz, jefa de la Divisi\u00f3n de B\u00fasqueda de Personas, junto con su personal, lleg\u00f3 hasta una direcci\u00f3n en la localidad de General Conesa, R\u00edo Negro, luego de seguir una pista.<\/p>\n\n\n\n<figure class=\"wp-block-image\"><img decoding=\"async\" src=\"https:\/\/tn.com.ar\/resizer\/NWVewEH2YPaxToq_AprNeTy4N0o=\/767x0\/smart\/filters:format(webp)\/cloudfront-us-east-1.images.arcpublishing.com\/artear\/SQEEWXLGMBHQVID7ZZDIGLB6MQ.webp\" alt=\"Un recorte de diario que hablaba sobre la desaparici\u00f3n de Sandoval Far\u00edas. (Foto: gentileza La Opini\u00f3n Austral)\"\/><figcaption>Un recorte de diario que hablaba sobre la desaparici\u00f3n de Sandoval Far\u00edas. (Foto: gentileza La Opini\u00f3n Austral)<\/figcaption><\/figure>\n\n\n\n<p><strong>Fue el mismo hombre, ahora con m\u00e1s de 60 a\u00f1os, quien les abri\u00f3 la puerta de su casa<\/strong>. Los atendi\u00f3 con mucha amabilidad y&nbsp;<strong>dijo ser la persona que estaban buscando.<\/strong><\/p>\n\n\n\n<p>Sandoval Far\u00edas les confirm\u00f3 que hace muchos a\u00f1os hab\u00eda residido en Comodoro Rivadavia y que&nbsp;<strong>por diferencias con Nelci Isabel, su esposa, \u201cestaba cansado\u201d y hab\u00eda decidido irse de su casa,&nbsp;<\/strong>posteriormente de la ciudad y no regres\u00f3 m\u00e1s.&nbsp;<strong>Ni siquiera volvi\u00f3 a comunicarse con ning\u00fan familiar.<\/strong><\/p>\n\n\n\n<p>Inclusive, para constatar la veracidad de sus dichos, el hombre accedi\u00f3 voluntariamente a realizarse fichas dactilosc\u00f3picas que fueron hechas en una comisaria de la localidad rionegrina, seg\u00fan indicaron los medios locales.<\/p>\n\n\n\n<p>En di\u00e1logo con el portal&nbsp;<em>ADN SUR<\/em>, Millatruz brind\u00f3 detalles de la investigaci\u00f3n que los llev\u00f3 a encontrar al hombre, que&nbsp;<strong>asegur\u00f3 no saber que lo buscaban.<\/strong>&nbsp;\u201cEmpezamos desde la Divisi\u00f3n en primera instancia, yo ingres\u00e9 a mediados del mes de diciembre el a\u00f1o pasado, y aparte de los casos que vamos teniendo diariamente tambi\u00e9n me puse a ver los expedientes antiguos. Entre ellos, estaba el de este ciudadano, Sandoval Far\u00edas. Empezamos a trabajar y a buscar informaci\u00f3n en el barrio M\u00e1ximo Ab\u00e1solo, informaci\u00f3n en la Comisar\u00eda Cuarta, que era la \u00faltima comisar\u00eda de aquellos a\u00f1os en la cual se hab\u00eda radicado la denuncia\u201d, relat\u00f3.<\/p>\n\n\n\n<p>La investigadora, adem\u00e1s, habl\u00f3 con polic\u00edas retirados y a trav\u00e9s de nuevos sistemas incorporados a la fuerza lograron dar con el domicilio de General Conesa, donde viv\u00eda un hombre&nbsp;<strong>con el mismo nombre de la persona buscada.<\/strong><\/p>\n\n\n\n<p>\u201cSolamente ten\u00edamos el nombre que era lo que coincid\u00eda, pero nada m\u00e1s. Fuimos de comisi\u00f3n y a los fines de entrevistarnos personalmente con \u00e9l y ver si realmente era la persona buscada de 1995 ac\u00e1 en Comodoro. Cuando llegamos nos presentamos y hablando con \u00e9l, coment\u00e1ndole una nota de los medios,<strong>&nbsp;refiere que s\u00ed, que era \u00e9l la persona buscada,<\/strong>&nbsp;el t\u00e9cnico electr\u00f3nico que hab\u00eda desaparecido de aquellos a\u00f1os\u201d, record\u00f3.<\/p>\n\n\n\n<figure class=\"wp-block-image\"><img decoding=\"async\" src=\"https:\/\/tn.com.ar\/resizer\/v3KYyK1HQ9JzaOnGbQWU9mnZKeo=\/767x0\/smart\/filters:format(webp)\/cloudfront-us-east-1.images.arcpublishing.com\/artear\/7HUUZW2Y5RGR3AXRJPMFOJHREM.PNG\" alt=\"El hombre fue encontrado en una vivienda de la localidad de General Conesa. (Foto: gentileza La Opini\u00f3n Austral)\"\/><figcaption>El hombre fue encontrado en una vivienda de la localidad de General Conesa. (Foto: gentileza La Opini\u00f3n Austral)<\/figcaption><\/figure>\n\n\n\n<p>En tal sentido, Sandoval Far\u00edas sostuvo que<strong>&nbsp;a su esposa de aquel momento le hab\u00eda dicho solamente que se iba<\/strong>, se puso su campera, tom\u00f3 su documentaci\u00f3n y se retir\u00f3.&nbsp;<strong>Nunca m\u00e1s volvi\u00f3 a tener contacto con ella ni con sus familiares chilenos,<\/strong>&nbsp;seg\u00fan destac\u00f3 la investigadora.<\/p>\n\n\n\n<p>Tampoco, durante todos estos a\u00f1os, intent\u00f3 comunicarse<strong>&nbsp;\u201cni brindar informaci\u00f3n de que estaba bien<\/strong>\u201d. \u201cSe ve que no era su intenci\u00f3n\u201d, destac\u00f3 Millatruz. \u201cEso es lo que nos dej\u00f3 en claro a nosotros cuando estuvimos con \u00e9l en General Conesa\u201d, sum\u00f3.<\/p>\n\n\n\n<p>\u201cTengo entendido que la se\u00f1ora -denunciante- falleci\u00f3 hace unos a\u00f1os. As\u00ed que, estamos trabajando para dar con los hijos de ella y poder terminar con esa historia de aquellos a\u00f1os\u201d, agreg\u00f3.<\/p>\n\n\n\n<p>En relaci\u00f3n al tiempo que demor\u00f3 esta investigaci\u00f3n, la jefa de Divisi\u00f3n de B\u00fasqueda de Personas consider\u00f3: \u201cEn aquellos a\u00f1os no habr\u00eda algunos sistemas que hoy actualmente estamos teniendo para poder buscar a algunas personas. Creo que eso nos ayud\u00f3 much\u00edsimo en la actualidad para dar con este ciudadano\u201d, concluy\u00f3.<\/p>\n","protected":false},"excerpt":{"rendered":"<p>Un ins\u00f3lito episodio sorprendi\u00f3 a los vecinos de\u00a0Comodoro Rivadavia.\u00a0Un hombre que un d\u00eda\u00a0sali\u00f3 a comprar cigarrillos y nunca volvi\u00f3 a su casa fue hallado despu\u00e9s de 30 a\u00f1os.\u00a0Cuando fue indagado&hellip; <\/p>\n","protected":false},"author":12,"featured_media":90298,"comment_status":"closed","ping_status":"open","sticky":false,"template":"","format":"standard","meta":{"footnotes":""},"categories":[1],"tags":[],"class_list":["post-90294","post","type-post","status-publish","format-standard","has-post-thumbnail","hentry","category-informacion-general"],"_links":{"self":[{"href":"https:\/\/corrientesdetarde.com\/index.php\/wp-json\/wp\/v2\/posts\/90294","targetHints":{"allow":["GET"]}}],"collection":[{"href":"https:\/\/corrientesdetarde.com\/index.php\/wp-json\/wp\/v2\/posts"}],"about":[{"href":"https:\/\/corrientesdetarde.com\/index.php\/wp-json\/wp\/v2\/types\/post"}],"author":[{"embeddable":true,"href":"https:\/\/corrientesdetarde.com\/index.php\/wp-json\/wp\/v2\/users\/12"}],"replies":[{"embeddable":true,"href":"https:\/\/corrientesdetarde.com\/index.php\/wp-json\/wp\/v2\/comments?post=90294"}],"version-history":[{"count":2,"href":"https:\/\/corrientesdetarde.com\/index.php\/wp-json\/wp\/v2\/posts\/90294\/revisions"}],"predecessor-version":[{"id":90313,"href":"https:\/\/corrientesdetarde.com\/index.php\/wp-json\/wp\/v2\/posts\/90294\/revisions\/90313"}],"wp:featuredmedia":[{"embeddable":true,"href":"https:\/\/corrientesdetarde.com\/index.php\/wp-json\/wp\/v2\/media\/90298"}],"wp:attachment":[{"href":"https:\/\/corrientesdetarde.com\/index.php\/wp-json\/wp\/v2\/media?parent=90294"}],"wp:term":[{"taxonomy":"category","embeddable":true,"href":"https:\/\/corrientesdetarde.com\/index.php\/wp-json\/wp\/v2\/categories?post=90294"},{"taxonomy":"post_tag","embeddable":true,"href":"https:\/\/corrientesdetarde.com\/index.php\/wp-json\/wp\/v2\/tags?post=90294"}],"curies":[{"name":"wp","href":"https:\/\/api.w.org\/{rel}","templated":true}]}}