{"id":90300,"date":"2023-09-25T09:22:20","date_gmt":"2023-09-25T12:22:20","guid":{"rendered":"https:\/\/corrientesdetarde.com\/?p=90300"},"modified":"2023-09-25T09:22:31","modified_gmt":"2023-09-25T12:22:31","slug":"asumio-la-directora-de-aps-de-santo-tome","status":"publish","type":"post","link":"https:\/\/corrientesdetarde.com\/index.php\/informacion-general\/asumio-la-directora-de-aps-de-santo-tome\/","title":{"rendered":"Asumi\u00f3 la directora de APS de Santo Tom\u00e9"},"content":{"rendered":"\n<p>A trav\u00e9s de la Resoluci\u00f3n ministerial N\u00ba 5.698, firmada por el ministro de Salud P\u00fablica de la Provincia, Ricardo Cardozo, asumi\u00f3 la doctora Beatriz Azucena R\u00edos, como directora de Atenci\u00f3n Primaria de la Salud (SPS) de Santo Tom\u00e9.<\/p>\n\n\n\n<p>Beatriz R\u00edos es una m\u00e9dica nacida en Santo Tom\u00e9, se recibi\u00f3 en la facultad de Medicina de la Universidad Barcel\u00f3 en el 2015, donde en la actualidad se desempe\u00f1a como docente. Inicialmente se desempe\u00f1\u00f3 en Misiones e inmediatamente pas\u00f3 a la salud p\u00fablica de Corrientes, donde trabaj\u00f3 en un CAPS de Santo Tom\u00e9 y, al mismo tiempo, prest\u00f3 servicios en la SAPS La Tablada de la localidad. Realiz\u00f3 un con posgrado de Medicina Comunitaria.<\/p>\n\n\n\n<p>&#8220;Estoy muy emocionada con este nuevo desaf\u00edo. Me encanta la medicina rural&#8221;, remarc\u00f3.<\/p>\n\n\n\n<p>Vale recordar que el s\u00e1bado, el gobernador Gustavo Vald\u00e9s, a trav\u00e9s del Ministerio de Salud P\u00fablica hizo una entrega de equipamientos a centros de salud y al hospital San Juan Bautista de Santo Tom\u00e9.<\/p>\n\n\n\n<p>En detalles, a trav\u00e9s de la Direcci\u00f3n General de Administraci\u00f3n de la cartera sanitaria, el hospital San Juan Bautista recibi\u00f3: 12 equipos de aire acondicionado, 10 calefactores de pared, 10 carros de curaciones, 2 carros de paro, 80 camas para pacientes, 6 camillas de traslado, 2 camas comunes, 8 detectores de latidos, 5 televisores, 12 mesas para comer, 30 sillas, vitrina para medicaci\u00f3n, 20 computadoras, 8 impresoras, biblioteca, 2 heladeras, 1 frezzer, 10 sillas de ruedas, fibrobroncoscopio, un transductor lineal y 2 secadores para sala de m\u00e1quina de aire comprimido.<\/p>\n\n\n\n<p>El CAPS Atalaya recibi\u00f3: un aire frio calor, tres estufas, dos tambores de acero inoxidable medianos y dos chicos, tres ri\u00f1oneras y bandeja de acero quir\u00fargico.&nbsp;<\/p>\n\n\n\n<p>El CAPS Juan Maciel: una balanza neonatal, pedi\u00f3metro, cinta para medir per\u00edmetro cef\u00e1lico, ox\u00edmetro pedi\u00e1trico y de adulto, caja de sutura, gestograma, 8 sillas, computadora y bandeja de acero quir\u00fargico.<\/p>\n\n\n\n<p>El CAPS Estaci\u00f3n: un pedi\u00f3metro, balanza neonatal, balanza para adulto, camilla, escritorio, 4 sillas, estante para medicamentos, ox\u00edmetro de adulto, ox\u00edmetro pedi\u00e1trico, vitrina para medicaci\u00f3n, 3 estufas, colcoscopio, 2 aires acondicionado frio\/calor, una computadora, impresora, tambor de acero inoxidable chico y caja de curaciones.<\/p>\n\n\n\n<p>La Oficina Central APS \u2013 Vacunatorio: una Vitrina para medicaci\u00f3n, tambor de acero inoxidable chico, tambor de acero inoxidable mediano, bandeja de acero quir\u00fargico, cocina, aire acondicionado frio\/Calor, 3 estufas, caja de curaci\u00f3n, balanza neonatal, pedi\u00f3metro, cinta para medir per\u00edmetro cef\u00e1lico, tambor de acero inoxidable chico y mediano, bandeja de acero quir\u00fargico y caja de curaci\u00f3n.<\/p>\n\n\n\n<p>El CAPS Tablada: una camilla, 5 sillas, escritorio, archivero, vitrina para medicaci\u00f3n, nebulizador, computadora con impresora, tensi\u00f3metro, term\u00f3metro, aire acondicionado frio\/calor y 3 estufas.<\/p>\n\n\n\n<p>Y, el CAPS San Martin: un otoscopio, pedi\u00f3metro, cinta para medir per\u00edmetro cef\u00e1lico, heladera, cinta para medir a. v., doppler fetal port\u00e1til, laringoscopio y lapicera linterna.<\/p>\n","protected":false},"excerpt":{"rendered":"<p>A trav\u00e9s de la Resoluci\u00f3n ministerial N\u00ba 5.698, firmada por el ministro de Salud P\u00fablica de la Provincia, Ricardo Cardozo, asumi\u00f3 la doctora Beatriz Azucena R\u00edos, como directora de Atenci\u00f3n&hellip; <\/p>\n","protected":false},"author":12,"featured_media":90304,"comment_status":"closed","ping_status":"open","sticky":false,"template":"","format":"standard","meta":{"footnotes":""},"categories":[1],"tags":[],"class_list":["post-90300","post","type-post","status-publish","format-standard","has-post-thumbnail","hentry","category-informacion-general"],"_links":{"self":[{"href":"https:\/\/corrientesdetarde.com\/index.php\/wp-json\/wp\/v2\/posts\/90300","targetHints":{"allow":["GET"]}}],"collection":[{"href":"https:\/\/corrientesdetarde.com\/index.php\/wp-json\/wp\/v2\/posts"}],"about":[{"href":"https:\/\/corrientesdetarde.com\/index.php\/wp-json\/wp\/v2\/types\/post"}],"author":[{"embeddable":true,"href":"https:\/\/corrientesdetarde.com\/index.php\/wp-json\/wp\/v2\/users\/12"}],"replies":[{"embeddable":true,"href":"https:\/\/corrientesdetarde.com\/index.php\/wp-json\/wp\/v2\/comments?post=90300"}],"version-history":[{"count":1,"href":"https:\/\/corrientesdetarde.com\/index.php\/wp-json\/wp\/v2\/posts\/90300\/revisions"}],"predecessor-version":[{"id":90305,"href":"https:\/\/corrientesdetarde.com\/index.php\/wp-json\/wp\/v2\/posts\/90300\/revisions\/90305"}],"wp:featuredmedia":[{"embeddable":true,"href":"https:\/\/corrientesdetarde.com\/index.php\/wp-json\/wp\/v2\/media\/90304"}],"wp:attachment":[{"href":"https:\/\/corrientesdetarde.com\/index.php\/wp-json\/wp\/v2\/media?parent=90300"}],"wp:term":[{"taxonomy":"category","embeddable":true,"href":"https:\/\/corrientesdetarde.com\/index.php\/wp-json\/wp\/v2\/categories?post=90300"},{"taxonomy":"post_tag","embeddable":true,"href":"https:\/\/corrientesdetarde.com\/index.php\/wp-json\/wp\/v2\/tags?post=90300"}],"curies":[{"name":"wp","href":"https:\/\/api.w.org\/{rel}","templated":true}]}}