{"id":90395,"date":"2023-09-25T13:57:09","date_gmt":"2023-09-25T16:57:09","guid":{"rendered":"https:\/\/corrientesdetarde.com\/?p=90395"},"modified":"2023-09-25T13:57:21","modified_gmt":"2023-09-25T16:57:21","slug":"corrientes-registro-2-casos-nuevos-de-coronavirus-3","status":"publish","type":"post","link":"https:\/\/corrientesdetarde.com\/index.php\/bienestar-y-salud\/corrientes-registro-2-casos-nuevos-de-coronavirus-3\/","title":{"rendered":"Corrientes registr\u00f3 2 casos nuevos de Coronavirus"},"content":{"rendered":"\n<p>El informe epidemiol\u00f3gico de la provincia de Corrientes registr\u00f3 2 casos nuevos de Coronavirus de Capital, al haberse analizado 102 muestras en toda la provincia.&nbsp;<\/p>\n\n\n\n<p>La cifra de casos activos se actualiza a 8 y los acumulados en 198.136 en todo el territorio provincial, al 25 de septiembre de 2023, con 2.126.012 testeos realizados desde que inici\u00f3 la pandemia y 196.151 recuperados; mientras que son 2.179 los fallecidos acumulados.<\/p>\n\n\n\n<p><strong>Hospital de Campa\u00f1a<\/strong><\/p>\n\n\n\n<p>Desde el Hospital de Campa\u00f1a \u201cEscuela Hogar\u201d detallaron que a la fecha (25 de septiembre), hay 3 pacientes internados con resultado positivo para Covid-19, 1 en Cl\u00ednica General, cl\u00ednicamente estables y 2 en la Unidad de Terapia Intensiva, ambos con respiraci\u00f3n mec\u00e1nica asistida y pron\u00f3stico reservado.<\/p>\n\n\n\n<p>Est\u00e1 ocupado el 0.66% de los respiradores.<\/p>\n\n\n\n<figure class=\"wp-block-image size-large\"><img loading=\"lazy\" decoding=\"async\" width=\"895\" height=\"1024\" src=\"https:\/\/corrientesdetarde.com\/wp-content\/uploads\/2023\/09\/image-630-895x1024.png\" alt=\"\" class=\"wp-image-90396\" srcset=\"https:\/\/corrientesdetarde.com\/wp-content\/uploads\/2023\/09\/image-630-895x1024.png 895w, https:\/\/corrientesdetarde.com\/wp-content\/uploads\/2023\/09\/image-630-262x300.png 262w, https:\/\/corrientesdetarde.com\/wp-content\/uploads\/2023\/09\/image-630-768x879.png 768w, https:\/\/corrientesdetarde.com\/wp-content\/uploads\/2023\/09\/image-630-1342x1536.png 1342w, https:\/\/corrientesdetarde.com\/wp-content\/uploads\/2023\/09\/image-630.png 1398w\" sizes=\"auto, (max-width: 895px) 100vw, 895px\" \/><\/figure>\n","protected":false},"excerpt":{"rendered":"<p>El informe epidemiol\u00f3gico de la provincia de Corrientes registr\u00f3 2 casos nuevos de Coronavirus de Capital, al haberse analizado 102 muestras en toda la provincia.&nbsp; La cifra de casos activos&hellip; <\/p>\n","protected":false},"author":8,"featured_media":90396,"comment_status":"closed","ping_status":"open","sticky":false,"template":"","format":"standard","meta":{"footnotes":""},"categories":[16],"tags":[],"class_list":["post-90395","post","type-post","status-publish","format-standard","has-post-thumbnail","hentry","category-bienestar-y-salud"],"_links":{"self":[{"href":"https:\/\/corrientesdetarde.com\/index.php\/wp-json\/wp\/v2\/posts\/90395","targetHints":{"allow":["GET"]}}],"collection":[{"href":"https:\/\/corrientesdetarde.com\/index.php\/wp-json\/wp\/v2\/posts"}],"about":[{"href":"https:\/\/corrientesdetarde.com\/index.php\/wp-json\/wp\/v2\/types\/post"}],"author":[{"embeddable":true,"href":"https:\/\/corrientesdetarde.com\/index.php\/wp-json\/wp\/v2\/users\/8"}],"replies":[{"embeddable":true,"href":"https:\/\/corrientesdetarde.com\/index.php\/wp-json\/wp\/v2\/comments?post=90395"}],"version-history":[{"count":1,"href":"https:\/\/corrientesdetarde.com\/index.php\/wp-json\/wp\/v2\/posts\/90395\/revisions"}],"predecessor-version":[{"id":90397,"href":"https:\/\/corrientesdetarde.com\/index.php\/wp-json\/wp\/v2\/posts\/90395\/revisions\/90397"}],"wp:featuredmedia":[{"embeddable":true,"href":"https:\/\/corrientesdetarde.com\/index.php\/wp-json\/wp\/v2\/media\/90396"}],"wp:attachment":[{"href":"https:\/\/corrientesdetarde.com\/index.php\/wp-json\/wp\/v2\/media?parent=90395"}],"wp:term":[{"taxonomy":"category","embeddable":true,"href":"https:\/\/corrientesdetarde.com\/index.php\/wp-json\/wp\/v2\/categories?post=90395"},{"taxonomy":"post_tag","embeddable":true,"href":"https:\/\/corrientesdetarde.com\/index.php\/wp-json\/wp\/v2\/tags?post=90395"}],"curies":[{"name":"wp","href":"https:\/\/api.w.org\/{rel}","templated":true}]}}