{"id":90398,"date":"2023-09-25T13:59:13","date_gmt":"2023-09-25T16:59:13","guid":{"rendered":"https:\/\/corrientesdetarde.com\/?p=90398"},"modified":"2023-09-25T13:59:25","modified_gmt":"2023-09-25T16:59:25","slug":"con-gran-ilusion-corrientes-llego-a-mar-del-plata-para-participar-de-la-fiesta-del-deporte-de-base","status":"publish","type":"post","link":"https:\/\/corrientesdetarde.com\/index.php\/deportes\/con-gran-ilusion-corrientes-llego-a-mar-del-plata-para-participar-de-la-fiesta-del-deporte-de-base\/","title":{"rendered":"Con gran ilusi\u00f3n, Corrientes lleg\u00f3 a Mar del Plata para participar de la fiesta del deporte de base"},"content":{"rendered":"\n<p>El contingente correntino de 900 personas arrib\u00f3 este lunes en horas de la ma\u00f1ana a la ciudad balnearia de Mar del Plata, para ser parte del certamen nacional de deporte juvenil convencional y de deportes adaptados. El acto de presentaci\u00f3n de los juegos se realizar\u00e1 en la tarde de este lunes y a partir del martes inician las competencias hasta el s\u00e1bado 30.<\/p>\n\n\n\n<p>Cabe resaltar que el total de la delegaci\u00f3n est\u00e1 siendo coordinada por la Secretar\u00eda de Deportes de la Provincia a cargo de Jorge Terrile. Para ello, los equipos t\u00e9cnicos trabajan en todo lo relacionado a la log\u00edstica, alojamientos, seguridad, y labores diarias que hacen al \u00e9xito de la estad\u00eda de los correntinos en Mar del Plata.<\/p>\n\n\n\n<p>En este sentido, Jorge Terrile resalt\u00f3 la \u201cpol\u00edtica de estado en materia deportiva\u201d que articula el Gobernador Gustavo Vald\u00e9s. \u201cHoy nuevamente Corrientes dice presente&#8221; en los Juegos Nacionales&#8221;, subray\u00f3.<\/p>\n\n\n\n<p>&#8220;Estamos muy orgullosos de nuestros deportistas y m\u00e1s all\u00e1 de los resultados, trabajamos para que los chicos se sientan c\u00f3modos, disfruten de la experiencia y asimilen los valores del deporte de la vida sana, amistad, cordialidad y juego en grupo\u201d, agreg\u00f3 Terrile.&nbsp;&nbsp;<\/p>\n\n\n\n<p>Los Juegos Nacionales re\u00fanen a m\u00e1s de 76 disciplinas, teniendo como fin el \u201cfortalecimiento de la educaci\u00f3n f\u00edsica y el deporte formativo de Argentina\u201d.<\/p>\n\n\n\n<p>Estos Juegos son una plataforma para la educaci\u00f3n de valores. El trabajo en equipo, el esfuerzo personal, el respeto por el otro, la solidaridad, la capacidad de superaci\u00f3n y el juego limpio se promueven con el fin de que cada participante pueda trasladarlos a su vida cotidiana.<\/p>\n\n\n\n<p>Por todo eso, los Juegos Nacionales son m\u00e1s que una competencia: son una oportunidad para disfrutar de una experiencia de vida que contribuye a la integraci\u00f3n, la formaci\u00f3n y la participaci\u00f3n deportiva.<\/p>\n\n\n\n<figure class=\"wp-block-image size-large\"><img loading=\"lazy\" decoding=\"async\" width=\"1024\" height=\"682\" src=\"https:\/\/corrientesdetarde.com\/wp-content\/uploads\/2023\/09\/image-631-1024x682.png\" alt=\"\" class=\"wp-image-90399\" srcset=\"https:\/\/corrientesdetarde.com\/wp-content\/uploads\/2023\/09\/image-631-1024x682.png 1024w, https:\/\/corrientesdetarde.com\/wp-content\/uploads\/2023\/09\/image-631-300x200.png 300w, https:\/\/corrientesdetarde.com\/wp-content\/uploads\/2023\/09\/image-631-768x512.png 768w, https:\/\/corrientesdetarde.com\/wp-content\/uploads\/2023\/09\/image-631-1536x1023.png 1536w, https:\/\/corrientesdetarde.com\/wp-content\/uploads\/2023\/09\/image-631.png 1600w\" sizes=\"auto, (max-width: 1024px) 100vw, 1024px\" \/><\/figure>\n\n\n\n<figure class=\"wp-block-image size-large\"><img loading=\"lazy\" decoding=\"async\" width=\"1024\" height=\"682\" src=\"https:\/\/corrientesdetarde.com\/wp-content\/uploads\/2023\/09\/image-632-1024x682.png\" alt=\"\" class=\"wp-image-90400\" srcset=\"https:\/\/corrientesdetarde.com\/wp-content\/uploads\/2023\/09\/image-632-1024x682.png 1024w, https:\/\/corrientesdetarde.com\/wp-content\/uploads\/2023\/09\/image-632-300x200.png 300w, https:\/\/corrientesdetarde.com\/wp-content\/uploads\/2023\/09\/image-632-768x512.png 768w, https:\/\/corrientesdetarde.com\/wp-content\/uploads\/2023\/09\/image-632-1536x1023.png 1536w, https:\/\/corrientesdetarde.com\/wp-content\/uploads\/2023\/09\/image-632.png 1600w\" sizes=\"auto, (max-width: 1024px) 100vw, 1024px\" \/><\/figure>\n\n\n\n<figure class=\"wp-block-image size-large\"><img loading=\"lazy\" decoding=\"async\" width=\"1024\" height=\"682\" src=\"https:\/\/corrientesdetarde.com\/wp-content\/uploads\/2023\/09\/image-633-1024x682.png\" alt=\"\" class=\"wp-image-90401\" srcset=\"https:\/\/corrientesdetarde.com\/wp-content\/uploads\/2023\/09\/image-633-1024x682.png 1024w, https:\/\/corrientesdetarde.com\/wp-content\/uploads\/2023\/09\/image-633-300x200.png 300w, https:\/\/corrientesdetarde.com\/wp-content\/uploads\/2023\/09\/image-633-768x512.png 768w, https:\/\/corrientesdetarde.com\/wp-content\/uploads\/2023\/09\/image-633-1536x1023.png 1536w, https:\/\/corrientesdetarde.com\/wp-content\/uploads\/2023\/09\/image-633.png 1600w\" sizes=\"auto, (max-width: 1024px) 100vw, 1024px\" \/><\/figure>\n","protected":false},"excerpt":{"rendered":"<p>El contingente correntino de 900 personas arrib\u00f3 este lunes en horas de la ma\u00f1ana a la ciudad balnearia de Mar del Plata, para ser parte del certamen nacional de deporte&hellip; <\/p>\n","protected":false},"author":8,"featured_media":90402,"comment_status":"closed","ping_status":"open","sticky":false,"template":"","format":"standard","meta":{"footnotes":""},"categories":[4],"tags":[],"class_list":["post-90398","post","type-post","status-publish","format-standard","has-post-thumbnail","hentry","category-deportes"],"_links":{"self":[{"href":"https:\/\/corrientesdetarde.com\/index.php\/wp-json\/wp\/v2\/posts\/90398","targetHints":{"allow":["GET"]}}],"collection":[{"href":"https:\/\/corrientesdetarde.com\/index.php\/wp-json\/wp\/v2\/posts"}],"about":[{"href":"https:\/\/corrientesdetarde.com\/index.php\/wp-json\/wp\/v2\/types\/post"}],"author":[{"embeddable":true,"href":"https:\/\/corrientesdetarde.com\/index.php\/wp-json\/wp\/v2\/users\/8"}],"replies":[{"embeddable":true,"href":"https:\/\/corrientesdetarde.com\/index.php\/wp-json\/wp\/v2\/comments?post=90398"}],"version-history":[{"count":1,"href":"https:\/\/corrientesdetarde.com\/index.php\/wp-json\/wp\/v2\/posts\/90398\/revisions"}],"predecessor-version":[{"id":90403,"href":"https:\/\/corrientesdetarde.com\/index.php\/wp-json\/wp\/v2\/posts\/90398\/revisions\/90403"}],"wp:featuredmedia":[{"embeddable":true,"href":"https:\/\/corrientesdetarde.com\/index.php\/wp-json\/wp\/v2\/media\/90402"}],"wp:attachment":[{"href":"https:\/\/corrientesdetarde.com\/index.php\/wp-json\/wp\/v2\/media?parent=90398"}],"wp:term":[{"taxonomy":"category","embeddable":true,"href":"https:\/\/corrientesdetarde.com\/index.php\/wp-json\/wp\/v2\/categories?post=90398"},{"taxonomy":"post_tag","embeddable":true,"href":"https:\/\/corrientesdetarde.com\/index.php\/wp-json\/wp\/v2\/tags?post=90398"}],"curies":[{"name":"wp","href":"https:\/\/api.w.org\/{rel}","templated":true}]}}