{"id":90404,"date":"2023-09-25T14:02:37","date_gmt":"2023-09-25T17:02:37","guid":{"rendered":"https:\/\/corrientesdetarde.com\/?p=90404"},"modified":"2023-09-25T14:02:49","modified_gmt":"2023-09-25T17:02:49","slug":"la-muni-en-tu-barrio-las-atenciones-gratuitas-llegan-al-santa-teresita-y-al-universitario","status":"publish","type":"post","link":"https:\/\/corrientesdetarde.com\/index.php\/sociales\/la-muni-en-tu-barrio-las-atenciones-gratuitas-llegan-al-santa-teresita-y-al-universitario\/","title":{"rendered":"La Muni en tu Barrio: las atenciones gratuitas llegan al Santa Teresita y al Universitario"},"content":{"rendered":"\n<p><em>La Municipalidad de Corrientes vuelve a llevar esta semana m\u00faltiples prestaciones gratuitas para los vecinos de diferentes sectores de la ciudad. El mi\u00e9rcoles 27 de septiembre los servicios se prestar\u00e1n en el barrio Santa Teresita, mientras que el viernes 29 los equipos estar\u00e1n en el barrio Universitario. Adem\u00e1s, desde las 14, habr\u00e1 descacharrado en ambos sectores.<\/em><\/p>\n\n\n\n<p>La Municipalidad de Corrientes acercar\u00e1 m\u00faltiples prestaciones gratuitas para los vecinos de diferentes barrios, a trav\u00e9s del programa \u201cLa Muni en tu barrio\u201d. &nbsp;&nbsp;<br><br>De acuerdo al cronograma, el mi\u00e9rcoles 27 de septiembre el operativo se llevar\u00e1 adelante en el barrio Santa Teresita, por calle Necochea, entre Saavedra y Reconquista (plaza Giachino). En tanto que el viernes 29 se trasladar\u00e1 al barrio Universitario (S\u00e1nchez de Bustamante y Agust\u00edn Maza).&nbsp;<br><br>Los vecinos de dichos barrios y de las zonas aleda\u00f1as podr\u00e1n acceder los d\u00edas mencionados a prestaciones m\u00e9dicas en general que estar\u00e1n a cargo de profesionales m\u00e9dicos y personal de la Secretar\u00eda de Salud municipal.&nbsp;<br><br>Adem\u00e1s, habr\u00e1 stands con atenci\u00f3n personalizada de agentes municipales de distintas \u00e1reas a fin de brindar los habituales asesoramientos.&nbsp;<br><br>Por su parte, el Gobierno provincial acercar\u00e1 a los vecinos el programa de Garrafa Social de la Subsecretar\u00eda de Desarrollo Humano e Igualdad. Adem\u00e1s, estar\u00e1n presentes los stands de la Subsecretar\u00eda de Seguridad Ciudadana, el Centro de Atenci\u00f3n Jur\u00eddico Integral a V\u00edctimas de Violencia de G\u00e9nero y el programa de Prevenci\u00f3n del Ministerio de Seguridad.&nbsp;<br><br>MASCOTAS SALUDABLES&nbsp;<br>Adem\u00e1s de las prestaciones gratuitas en materia de salud y de servicios, tambi\u00e9n se har\u00e1 presente en los operativos el programa Mascotas Saludables, que comprende atenciones generales y gratuitas destinadas a mascotas con el objetivo de promover la tenencia responsable de los animales dom\u00e9sticos.&nbsp;<br><br>&nbsp;<br>DESCACHARRADO&nbsp;<br>Por la tarde, se realizar\u00e1 el operativo de descacharrado, desde las 14, con la participaci\u00f3n de camiones y operarios municipales, qui\u00e9nes pasan a retirar todos aquellos elementos en desuso que podr\u00edan acumular agua y actuar como reservorios del mosquito vector del dengue: muebles y electrodom\u00e9sticos viejos, llantas, cubiertas, chatarra, baldes, juguetes, recipientes, entre otros.&nbsp;<br>&nbsp;&nbsp;<br>El mi\u00e9rcoles 27 de septiembre, en el barrio Santa Teresita, el descacharrado se realizar\u00e1 en el cuadrante comprendido entre las avenidas Cazadores Correntinos, Independencia, Chacabuco y calle G\u00fcemes.&nbsp;<br><br>En tanto, el viernes 29, en el Universitario el descacharrado se llevar\u00e1 adelante en el per\u00edmetro comprendido entre Av. Ra\u00fal Alfonsin, Godoy Cruz, Av. Independencia y Timoteo Grillo.<\/p>\n\n\n\n<figure class=\"wp-block-image size-large\"><img loading=\"lazy\" decoding=\"async\" width=\"818\" height=\"1024\" src=\"https:\/\/corrientesdetarde.com\/wp-content\/uploads\/2023\/09\/image-634-818x1024.png\" alt=\"\" class=\"wp-image-90405\" srcset=\"https:\/\/corrientesdetarde.com\/wp-content\/uploads\/2023\/09\/image-634-818x1024.png 818w, https:\/\/corrientesdetarde.com\/wp-content\/uploads\/2023\/09\/image-634-240x300.png 240w, https:\/\/corrientesdetarde.com\/wp-content\/uploads\/2023\/09\/image-634-768x961.png 768w, https:\/\/corrientesdetarde.com\/wp-content\/uploads\/2023\/09\/image-634.png 1023w\" sizes=\"auto, (max-width: 818px) 100vw, 818px\" \/><\/figure>\n\n\n\n<figure class=\"wp-block-image size-large\"><img loading=\"lazy\" decoding=\"async\" width=\"818\" height=\"1024\" src=\"https:\/\/corrientesdetarde.com\/wp-content\/uploads\/2023\/09\/image-635-818x1024.png\" alt=\"\" class=\"wp-image-90406\" srcset=\"https:\/\/corrientesdetarde.com\/wp-content\/uploads\/2023\/09\/image-635-818x1024.png 818w, https:\/\/corrientesdetarde.com\/wp-content\/uploads\/2023\/09\/image-635-240x300.png 240w, https:\/\/corrientesdetarde.com\/wp-content\/uploads\/2023\/09\/image-635-768x961.png 768w, https:\/\/corrientesdetarde.com\/wp-content\/uploads\/2023\/09\/image-635.png 1023w\" sizes=\"auto, (max-width: 818px) 100vw, 818px\" \/><\/figure>\n","protected":false},"excerpt":{"rendered":"<p>La Municipalidad de Corrientes vuelve a llevar esta semana m\u00faltiples prestaciones gratuitas para los vecinos de diferentes sectores de la ciudad. El mi\u00e9rcoles 27 de septiembre los servicios se prestar\u00e1n&hellip; <\/p>\n","protected":false},"author":8,"featured_media":90407,"comment_status":"closed","ping_status":"open","sticky":false,"template":"","format":"standard","meta":{"footnotes":""},"categories":[17],"tags":[],"class_list":["post-90404","post","type-post","status-publish","format-standard","has-post-thumbnail","hentry","category-sociales"],"_links":{"self":[{"href":"https:\/\/corrientesdetarde.com\/index.php\/wp-json\/wp\/v2\/posts\/90404","targetHints":{"allow":["GET"]}}],"collection":[{"href":"https:\/\/corrientesdetarde.com\/index.php\/wp-json\/wp\/v2\/posts"}],"about":[{"href":"https:\/\/corrientesdetarde.com\/index.php\/wp-json\/wp\/v2\/types\/post"}],"author":[{"embeddable":true,"href":"https:\/\/corrientesdetarde.com\/index.php\/wp-json\/wp\/v2\/users\/8"}],"replies":[{"embeddable":true,"href":"https:\/\/corrientesdetarde.com\/index.php\/wp-json\/wp\/v2\/comments?post=90404"}],"version-history":[{"count":1,"href":"https:\/\/corrientesdetarde.com\/index.php\/wp-json\/wp\/v2\/posts\/90404\/revisions"}],"predecessor-version":[{"id":90408,"href":"https:\/\/corrientesdetarde.com\/index.php\/wp-json\/wp\/v2\/posts\/90404\/revisions\/90408"}],"wp:featuredmedia":[{"embeddable":true,"href":"https:\/\/corrientesdetarde.com\/index.php\/wp-json\/wp\/v2\/media\/90407"}],"wp:attachment":[{"href":"https:\/\/corrientesdetarde.com\/index.php\/wp-json\/wp\/v2\/media?parent=90404"}],"wp:term":[{"taxonomy":"category","embeddable":true,"href":"https:\/\/corrientesdetarde.com\/index.php\/wp-json\/wp\/v2\/categories?post=90404"},{"taxonomy":"post_tag","embeddable":true,"href":"https:\/\/corrientesdetarde.com\/index.php\/wp-json\/wp\/v2\/tags?post=90404"}],"curies":[{"name":"wp","href":"https:\/\/api.w.org\/{rel}","templated":true}]}}