{"id":90409,"date":"2023-09-25T14:19:41","date_gmt":"2023-09-25T17:19:41","guid":{"rendered":"https:\/\/corrientesdetarde.com\/?p=90409"},"modified":"2023-09-25T14:19:48","modified_gmt":"2023-09-25T17:19:48","slug":"festejos-por-el-dia-del-comparsero-nuestro-querido-carnaval-barrial-crece-ano-a-ano","status":"publish","type":"post","link":"https:\/\/corrientesdetarde.com\/index.php\/sociales\/festejos-por-el-dia-del-comparsero-nuestro-querido-carnaval-barrial-crece-ano-a-ano\/","title":{"rendered":"festejos por el D\u00eda del Comparsero: \u201cNuestro querido carnaval barrial crece a\u00f1o a a\u00f1o\u201d"},"content":{"rendered":"\n<p><em>\u201cEstamos camino a construir la ciudad de eventos culturales que so\u00f1amos\u201d, resalt\u00f3 el intendente al participar de la celebraci\u00f3n que se llev\u00f3 a cabo este domingo en el parque Mitre.&nbsp;Los Carnavales Barriales tienen un amplio apoyo de la gesti\u00f3n municipal y en conjunto con el Gobierno provincial presentan cada enero y febrero un estrat\u00e9gico e inigualable producto cultural y tur\u00edstico de la ciudad y la provincia.&nbsp;Ya se prepara con toda la edici\u00f3n 2024 de esta fiesta carnestolenda.<\/em>&nbsp;El intendente Eduardo Tassano particip\u00f3 del festejo por el D\u00eda del Comparsero que se realiz\u00f3 desde el carnaval barrial de la ciudad y que se llev\u00f3 a cabo en la tarde del domingo en el parque Mitre.&nbsp;Se trata de una fiesta popular que el Municipio impulsa de manera muy especial y estrat\u00e9gica junto con el Gobierno provincial, constituy\u00e9ndola en todo un distinguido producto cultural y tur\u00edstico de la ciudad y la provincia.Dentro de la extensa programaci\u00f3n municipal de eventos culturales del pasado fin de semana -y para todos los vecinos de la ciudad-, la Municipalidad acompa\u00f1\u00f3 el espect\u00e1culo de comparsas barriales con todo el lujo del carnaval correntino para festejar el d\u00eda de los protagonistas de la fiesta&nbsp;de cada verano: los comparseros y comparseras.El evento, llevado a cabo tambi\u00e9n en el marco de la programaci\u00f3n del Mes de la Juventud organizado por el Municipio, tuvo su epicentro en la esquina de las calles Pilu G\u00f3mez y Alvear, en adyacencias del parque hist\u00f3rico de la ciudad.&nbsp;All\u00ed actu\u00f3 \u201cMauri y el Arranke\u201d, hubo shows de bater\u00edas y presentaci\u00f3n de pasistas.&nbsp;Adem\u00e1s, al show se sumaron stands gastron\u00f3micos, de las comparsas, de emprendedores y un patio cervecero con productos artesanales.Aproximadamente 19 agrupaciones, entre comparsas, agrupaciones humor\u00edsticas y agrupaciones musicales, subieron al escenario levantado en el lugar, donde se comparti\u00f3 toda la simpat\u00eda, el color, el brillo y la alegr\u00eda de esta fiesta que caracteriza a Corrientes.Cabe recordar que cada 23 de septiembre Corrientes se festeja y homenajea a los comparseros.&nbsp;La fecha fue elegida con la intenci\u00f3n de recordar y rendir homenaje a los ocho integrantes de la comparsa Ara Ber\u00e1 fallecidos de manera tr\u00e1gica al chocar el \u00f3mnibus que transportaba a la delegaci\u00f3n cerca de la ciudad de Las Flores, en la provincia de Buenos Aires, en la primavera de 1978.UN APOYO CONSTANTEEn la ocasi\u00f3n, el intendente destac\u00f3 la importancia de potenciar la cultura carnestolenda en la ciudad dentro de un fin de semana plagado de actividades culturales y recreativas en la ciudad.&nbsp;\u201cEstamos ante una funci\u00f3n hermosa de nuestro querido carnaval barrial, que con m\u00e1s de 30 comparsas a\u00f1o a a\u00f1o va creciendo\u201d, indic\u00f3.A su vez, dio cuenta del acompa\u00f1amiento que realiza el Municipio en los Carnavales Barriales y los eventos culturales en general, donde \u201cel a\u00f1o pasado estuvimos presentes y este a\u00f1o estaremos acompa\u00f1ando una vez m\u00e1s\u201d.Al respecto resumi\u00f3: \u201cEstamos camino a construir la ciudad de eventos culturales que so\u00f1amos\u201d.As\u00ed, el intendente tambi\u00e9n adelant\u00f3 que, de cara a la temporada de verano, \u201cvamos a tener una intensa y extensa planificaci\u00f3n y Corrientes va ser una ciudad que va a explotar\u201d y \u201cesto nos obliga a extremar los cuidados en materia econ\u00f3mica para que podemos hacer cosas realizables\u201d porque \u201cnos debemos a los artistas y emprendedores y queremos mantener este camino que venimos haciendo en la ciudad\u201d, expres\u00f3 en cuanto a los objetivos para el 2024.LA FAMILIA CARNESTOLENDAPor su parte, el secretario de Cultura y Educaci\u00f3n, Jos\u00e9 Sand, tambi\u00e9n presente en el evento en el parque Mitre, destac\u00f3 el encuentro de festejo como una gran reuni\u00f3n familiar carnestolenda.&nbsp;\u201cEl carnaval barrial, hoy tiene su d\u00eda de celebraci\u00f3n para que todos puedan sentirse parte.&nbsp;Y elegimos este lugar, en el centro de la ciudad, para que muchos m\u00e1s vecinos tambi\u00e9n puedan acercarse a disfrutar.&nbsp;Porque, adem\u00e1s, se han sumado las comparsas con su feria, en la que muchos pudieron mostrar sus trajes.&nbsp;La verdad que se ha generado un ambiente muy familiar donde el comparsero est\u00e1 viviendo a pleno su gran d\u00eda\u201d, resalt\u00f3 Sand.\u201cCALENTANDO MOTORES\u201dDe cara a la edici\u00f3n 2024 del carnaval local, Sand destac\u00f3 \u201cya empezamos a calentar motores.Hay much\u00edsima propuesta de aqu\u00ed hasta la fecha de carnaval barrial;&nbsp;entre ellas: capacitaciones, talleres y tambi\u00e9n un encuentro de bater\u00eda que estoy convencido que va a dar que hablar porque va a ser una actividad que vendr\u00e1 para quedarse\u201d, concluy\u00f3.<\/p>\n\n\n\n<figure class=\"wp-block-embed is-type-video is-provider-youtube wp-block-embed-youtube wp-embed-aspect-16-9 wp-has-aspect-ratio\"><div class=\"wp-block-embed__wrapper\">\n<iframe loading=\"lazy\" title=\"Tassano acompa\u00f1\u00f3 los festejos por el D\u00eda del Comparsero de los Carnavales Barriales\" width=\"1110\" height=\"624\" src=\"https:\/\/www.youtube.com\/embed\/jaTjg_hXMLE?feature=oembed\" frameborder=\"0\" allow=\"accelerometer; autoplay; clipboard-write; encrypted-media; gyroscope; picture-in-picture; web-share\" allowfullscreen><\/iframe>\n<\/div><\/figure>\n","protected":false},"excerpt":{"rendered":"<p>\u201cEstamos camino a construir la ciudad de eventos culturales que so\u00f1amos\u201d, resalt\u00f3 el intendente al participar de la celebraci\u00f3n que se llev\u00f3 a cabo este domingo en el parque Mitre.&nbsp;Los&hellip; <\/p>\n","protected":false},"author":8,"featured_media":90411,"comment_status":"closed","ping_status":"open","sticky":false,"template":"","format":"standard","meta":{"footnotes":""},"categories":[17],"tags":[],"class_list":["post-90409","post","type-post","status-publish","format-standard","has-post-thumbnail","hentry","category-sociales"],"_links":{"self":[{"href":"https:\/\/corrientesdetarde.com\/index.php\/wp-json\/wp\/v2\/posts\/90409","targetHints":{"allow":["GET"]}}],"collection":[{"href":"https:\/\/corrientesdetarde.com\/index.php\/wp-json\/wp\/v2\/posts"}],"about":[{"href":"https:\/\/corrientesdetarde.com\/index.php\/wp-json\/wp\/v2\/types\/post"}],"author":[{"embeddable":true,"href":"https:\/\/corrientesdetarde.com\/index.php\/wp-json\/wp\/v2\/users\/8"}],"replies":[{"embeddable":true,"href":"https:\/\/corrientesdetarde.com\/index.php\/wp-json\/wp\/v2\/comments?post=90409"}],"version-history":[{"count":1,"href":"https:\/\/corrientesdetarde.com\/index.php\/wp-json\/wp\/v2\/posts\/90409\/revisions"}],"predecessor-version":[{"id":90412,"href":"https:\/\/corrientesdetarde.com\/index.php\/wp-json\/wp\/v2\/posts\/90409\/revisions\/90412"}],"wp:featuredmedia":[{"embeddable":true,"href":"https:\/\/corrientesdetarde.com\/index.php\/wp-json\/wp\/v2\/media\/90411"}],"wp:attachment":[{"href":"https:\/\/corrientesdetarde.com\/index.php\/wp-json\/wp\/v2\/media?parent=90409"}],"wp:term":[{"taxonomy":"category","embeddable":true,"href":"https:\/\/corrientesdetarde.com\/index.php\/wp-json\/wp\/v2\/categories?post=90409"},{"taxonomy":"post_tag","embeddable":true,"href":"https:\/\/corrientesdetarde.com\/index.php\/wp-json\/wp\/v2\/tags?post=90409"}],"curies":[{"name":"wp","href":"https:\/\/api.w.org\/{rel}","templated":true}]}}