{"id":9050,"date":"2022-10-06T09:11:46","date_gmt":"2022-10-06T12:11:46","guid":{"rendered":"https:\/\/corrientesdetarde.com\/?p=9050"},"modified":"2022-10-06T09:11:49","modified_gmt":"2022-10-06T12:11:49","slug":"l-gante-y-wanda-nara-descontrolados-entraron-a-la-casa-de-tamara-baez-y-le-robaron-todo","status":"publish","type":"post","link":"https:\/\/corrientesdetarde.com\/index.php\/espectaculos\/l-gante-y-wanda-nara-descontrolados-entraron-a-la-casa-de-tamara-baez-y-le-robaron-todo\/","title":{"rendered":"L-Gante y Wanda Nara, descontrolados: \u00bfentraron a la casa de Tamara B\u00e1ez y le robaron todo?"},"content":{"rendered":"\n<p>El cantante, L-Gante, y la medi\u00e1tica, Wanda Nara, se habr\u00edan llevado pertenencias de Tamara B\u00e1ez, seg\u00fan contaron en Intrusos.<\/p>\n\n\n\n<p>La separaci\u00f3n de L-Gante y Tamara B\u00e1ez sigue sumando cap\u00edtulos. Esta vez, la mam\u00e1 de Jamaica denunci\u00f3 que el cantante ingres\u00f3 a su domicilio acompa\u00f1ado por Wanda Nara y Kennys Palacios y le robaron zapatillas y su auto.<\/p>\n\n\n\n<p>La influencer se mostr\u00f3 muy angustiada en redes sociales y cont\u00f3 lo que sucedi\u00f3 a trav\u00e9s de historias de Instagram.<\/p>\n\n\n\n<p>&#8220;Vengo ac\u00e1 a buscar ropa&#8230; faltan zapatillas, se llevaron el auto, la moto. \u00bfQu\u00e9 onda? \u00bfAndan en atrevidos? Hacen lo que se les canta el ort&#8230; conmigo&#8221;, dice la mam\u00e1 de Jamaica en dicha publicaci\u00f3n, que pasaron al aire en Intrusos.<\/p>\n\n\n\n<figure class=\"wp-block-embed is-type-rich is-provider-twitter wp-block-embed-twitter\"><div class=\"wp-block-embed__wrapper\">\n<blockquote class=\"twitter-tweet\" data-width=\"550\" data-dnt=\"true\"><p lang=\"es\" dir=\"ltr\">\ud83d\udcf2 Tamara B\u00e1ez, la ex de L-Gante, rompi\u00f3 en llanto en las redes sociales<br><br>Cc <a href=\"https:\/\/twitter.com\/Intrusos?ref_src=twsrc%5Etfw\">@Intrusos<\/a> <a href=\"https:\/\/t.co\/Z3YLpGqNlU\">pic.twitter.com\/Z3YLpGqNlU<\/a><\/p>&mdash; Am\u00e9rica TV (@AmericaTV) <a href=\"https:\/\/twitter.com\/AmericaTV\/status\/1577709328009666561?ref_src=twsrc%5Etfw\">October 5, 2022<\/a><\/blockquote><script async src=\"https:\/\/platform.twitter.com\/widgets.js\" charset=\"utf-8\"><\/script>\n<\/div><\/figure>\n\n\n\n<p>En otra historia, B\u00e1ez se refiere -sin nombrarlo- a L-Gante: &#8220;No me importa que me vean as\u00ed. Tengo mucha bronca y est\u00e1n siendo injustos conmigo. La vengo pasando mal hace mucho tiempo y ahora que me hagan pasar esto, no da. Estoy sola. Me siento sola. No entiendo porque podes ser tan mala persona. \u00bfQu\u00e9 ven\u00eds ac\u00e1 a llevarte lo m\u00edo?&#8221;.<\/p>\n\n\n\n<p>Minutos despu\u00e9s, el abogado de Tamara habl\u00f3 con Intrusos y mostr\u00f3 las pruebas que demuestran que L-Gante, Wanda Nara, Kennys Palacios y Claudia Valenzuela, madre del cantante, ingresaron al country aproximadamente a las 14:30 de este martes.<\/p>\n\n\n\n<p>&#8220;\u00c9l sobrepasa todos los derechos de la mujer. Yo lo vengo diciendo desde hace tiempo. Vamos a haber que eval\u00faa la Justicia&#8221;, dijo Juan Pablo, letrado de Tamara.<\/p>\n\n\n\n<figure class=\"wp-block-embed is-type-rich is-provider-twitter wp-block-embed-twitter\"><div class=\"wp-block-embed__wrapper\">\n<blockquote class=\"twitter-tweet\" data-width=\"550\" data-dnt=\"true\"><p lang=\"es\" dir=\"ltr\">\ud83d\udd34 Tamara B\u00e1ez denuncia a L-Gante y Wanda de robarle: habla su abogado<br><br>\ud83d\udde8\ufe0f &quot;Tenemos pruebas que ingresaron al country&quot;<br><br>\ud83d\udde8\ufe0f &quot;Hay que ponerle un l\u00edmite&quot;<br><br>\ud83d\udde8\ufe0f &quot;Ella est\u00e1 muy mal con todo lo que est\u00e1 pasando&quot;<br><br>Cc <a href=\"https:\/\/twitter.com\/Intrusos?ref_src=twsrc%5Etfw\">@Intrusos<\/a> <a href=\"https:\/\/t.co\/xRl0e8qDYY\">pic.twitter.com\/xRl0e8qDYY<\/a><\/p>&mdash; Am\u00e9rica TV (@AmericaTV) <a href=\"https:\/\/twitter.com\/AmericaTV\/status\/1577716699834585114?ref_src=twsrc%5Etfw\">October 5, 2022<\/a><\/blockquote><script async src=\"https:\/\/platform.twitter.com\/widgets.js\" charset=\"utf-8\"><\/script>\n<\/div><\/figure>\n\n\n\n<p>&#8220;Yo lo vengo manifestando hace rato. No respeta nada, yo no se como va a terminar esta situaci\u00f3n si no le ponen un l\u00edmite a este chico. Pienso que lo m\u00e1s l\u00f3gico y a lo que \u00e9l se est\u00e1 encaminando es a una detenci\u00f3n porque no respeta ning\u00fan derecho de la mujer&#8221;, agreg\u00f3.<\/p>\n","protected":false},"excerpt":{"rendered":"<p>El cantante, L-Gante, y la medi\u00e1tica, Wanda Nara, se habr\u00edan llevado pertenencias de Tamara B\u00e1ez, seg\u00fan contaron en Intrusos. La separaci\u00f3n de L-Gante y Tamara B\u00e1ez sigue sumando cap\u00edtulos. Esta&hellip; <\/p>\n","protected":false},"author":4,"featured_media":9051,"comment_status":"closed","ping_status":"open","sticky":false,"template":"","format":"standard","meta":{"footnotes":""},"categories":[19],"tags":[],"class_list":["post-9050","post","type-post","status-publish","format-standard","has-post-thumbnail","hentry","category-espectaculos"],"_links":{"self":[{"href":"https:\/\/corrientesdetarde.com\/index.php\/wp-json\/wp\/v2\/posts\/9050","targetHints":{"allow":["GET"]}}],"collection":[{"href":"https:\/\/corrientesdetarde.com\/index.php\/wp-json\/wp\/v2\/posts"}],"about":[{"href":"https:\/\/corrientesdetarde.com\/index.php\/wp-json\/wp\/v2\/types\/post"}],"author":[{"embeddable":true,"href":"https:\/\/corrientesdetarde.com\/index.php\/wp-json\/wp\/v2\/users\/4"}],"replies":[{"embeddable":true,"href":"https:\/\/corrientesdetarde.com\/index.php\/wp-json\/wp\/v2\/comments?post=9050"}],"version-history":[{"count":1,"href":"https:\/\/corrientesdetarde.com\/index.php\/wp-json\/wp\/v2\/posts\/9050\/revisions"}],"predecessor-version":[{"id":9055,"href":"https:\/\/corrientesdetarde.com\/index.php\/wp-json\/wp\/v2\/posts\/9050\/revisions\/9055"}],"wp:featuredmedia":[{"embeddable":true,"href":"https:\/\/corrientesdetarde.com\/index.php\/wp-json\/wp\/v2\/media\/9051"}],"wp:attachment":[{"href":"https:\/\/corrientesdetarde.com\/index.php\/wp-json\/wp\/v2\/media?parent=9050"}],"wp:term":[{"taxonomy":"category","embeddable":true,"href":"https:\/\/corrientesdetarde.com\/index.php\/wp-json\/wp\/v2\/categories?post=9050"},{"taxonomy":"post_tag","embeddable":true,"href":"https:\/\/corrientesdetarde.com\/index.php\/wp-json\/wp\/v2\/tags?post=9050"}],"curies":[{"name":"wp","href":"https:\/\/api.w.org\/{rel}","templated":true}]}}