{"id":9052,"date":"2022-10-06T09:10:07","date_gmt":"2022-10-06T12:10:07","guid":{"rendered":"https:\/\/corrientesdetarde.com\/?p=9052"},"modified":"2022-10-06T09:10:25","modified_gmt":"2022-10-06T12:10:25","slug":"redes-sociales-tina-una-mujer-de-origen-irani-relato-hechos-de-violencia","status":"publish","type":"post","link":"https:\/\/corrientesdetarde.com\/index.php\/internacionales\/redes-sociales-tina-una-mujer-de-origen-irani-relato-hechos-de-violencia\/","title":{"rendered":"redes sociales: Tina, una mujer de origen iran\u00ed, relat\u00f3  hechos de violencia"},"content":{"rendered":"\n<p>Tina, una mujer de origen iran\u00ed, relat\u00f3 los hechos de violencia que se vive contra las mujeres en Ir\u00e1n<\/p>\n\n\n\n<p>Una mujer decidi\u00f3 subir compartir en redes sociales la situaci\u00f3n que a traviesa su pa\u00eds,&nbsp;<strong>Ir\u00e1n<\/strong>, en cuanto la&nbsp;<strong>represi\u00f3n de mujeres<\/strong>.<\/p>\n\n\n\n<p>Tina, quien reside en Par\u00eds, habl\u00f3 sobre el caso de&nbsp;<strong>Mahsa Amini<\/strong>, una joven que muri\u00f3 a manos de la&nbsp;<strong>Polic\u00eda de la Moral<\/strong>&nbsp;por&nbsp;<strong>llevar mal puesto el velo<\/strong>.<\/p>\n\n\n\n<p>Amini fue golpeada por la polic\u00eda, entr\u00f3 en coma y posteriormente falleci\u00f3.<\/p>\n\n\n\n<p><strong>Puntualiz\u00f3 que esta situaci\u00f3n existe desde hace 40 a\u00f1os, donde no es opci\u00f3n usar el velo si eres mujer, sino una pr\u00e1ctica obligatoria<\/strong>.<\/p>\n\n\n\n<p>Adem\u00e1s, inform\u00f3 que el r\u00e9gimen isl\u00e1mico&nbsp;<strong>cort\u00f3 el acceso a internet<\/strong>&nbsp;para poder &#8220;matar en silencio&#8221; y en 2019 hicieron lo mismo para acabar con la vida de 1500 personas.<\/p>\n\n\n\n<p>Tras esto, Tina pidi\u00f3 compartir su video para poder ayudar a su pueblo y evidenciar los\u00a0<strong>actos de violencia<\/strong>\u00a0que persisten en el pa\u00eds.<\/p>\n\n\n\n<figure class=\"wp-block-embed is-type-video is-provider-youtube wp-block-embed-youtube wp-embed-aspect-16-9 wp-has-aspect-ratio\"><div class=\"wp-block-embed__wrapper\">\n<iframe loading=\"lazy\" title=\"TINA RELATO HECHOS DE VIOLENCIA CONTRA MUJERES EN IRAN\" width=\"1110\" height=\"624\" src=\"https:\/\/www.youtube.com\/embed\/rCpk7yZTiBA?feature=oembed\" frameborder=\"0\" allow=\"accelerometer; autoplay; clipboard-write; encrypted-media; gyroscope; picture-in-picture\" allowfullscreen><\/iframe>\n<\/div><\/figure>\n","protected":false},"excerpt":{"rendered":"<p>Tina, una mujer de origen iran\u00ed, relat\u00f3 los hechos de violencia que se vive contra las mujeres en Ir\u00e1n Una mujer decidi\u00f3 subir compartir en redes sociales la situaci\u00f3n que&hellip; <\/p>\n","protected":false},"author":1,"featured_media":9053,"comment_status":"closed","ping_status":"open","sticky":false,"template":"","format":"standard","meta":{"footnotes":""},"categories":[11],"tags":[],"class_list":["post-9052","post","type-post","status-publish","format-standard","has-post-thumbnail","hentry","category-internacionales"],"_links":{"self":[{"href":"https:\/\/corrientesdetarde.com\/index.php\/wp-json\/wp\/v2\/posts\/9052","targetHints":{"allow":["GET"]}}],"collection":[{"href":"https:\/\/corrientesdetarde.com\/index.php\/wp-json\/wp\/v2\/posts"}],"about":[{"href":"https:\/\/corrientesdetarde.com\/index.php\/wp-json\/wp\/v2\/types\/post"}],"author":[{"embeddable":true,"href":"https:\/\/corrientesdetarde.com\/index.php\/wp-json\/wp\/v2\/users\/1"}],"replies":[{"embeddable":true,"href":"https:\/\/corrientesdetarde.com\/index.php\/wp-json\/wp\/v2\/comments?post=9052"}],"version-history":[{"count":1,"href":"https:\/\/corrientesdetarde.com\/index.php\/wp-json\/wp\/v2\/posts\/9052\/revisions"}],"predecessor-version":[{"id":9054,"href":"https:\/\/corrientesdetarde.com\/index.php\/wp-json\/wp\/v2\/posts\/9052\/revisions\/9054"}],"wp:featuredmedia":[{"embeddable":true,"href":"https:\/\/corrientesdetarde.com\/index.php\/wp-json\/wp\/v2\/media\/9053"}],"wp:attachment":[{"href":"https:\/\/corrientesdetarde.com\/index.php\/wp-json\/wp\/v2\/media?parent=9052"}],"wp:term":[{"taxonomy":"category","embeddable":true,"href":"https:\/\/corrientesdetarde.com\/index.php\/wp-json\/wp\/v2\/categories?post=9052"},{"taxonomy":"post_tag","embeddable":true,"href":"https:\/\/corrientesdetarde.com\/index.php\/wp-json\/wp\/v2\/tags?post=9052"}],"curies":[{"name":"wp","href":"https:\/\/api.w.org\/{rel}","templated":true}]}}