{"id":90641,"date":"2023-09-26T11:11:54","date_gmt":"2023-09-26T14:11:54","guid":{"rendered":"https:\/\/corrientesdetarde.com\/?p=90641"},"modified":"2023-09-26T11:12:24","modified_gmt":"2023-09-26T14:12:24","slug":"el-lunes-comienza-el-examen-de-tipeo-para-ingresar-al-poder-judicial","status":"publish","type":"post","link":"https:\/\/corrientesdetarde.com\/index.php\/locales\/el-lunes-comienza-el-examen-de-tipeo-para-ingresar-al-poder-judicial\/","title":{"rendered":"El lunes comienza el examen de tipeo para ingresar al Poder Judicial"},"content":{"rendered":"\n<p>El cronograma de fechas y horario de ex\u00e1menes se encuentra publicado en la p\u00e1gina web del Poder Judicial y pueden verlo aqu\u00ed:<\/p>\n\n\n\n<p><a href=\"https:\/\/www.juscorrientes.gov.ar\/wp-content\/uploads\/secretaria-administrativa\/concurso-cargo-secadmin\/pdf\/2023\/ANEXO-CRONOGRAMA-1RA-C.J..pdf\">https:\/\/www.juscorrientes.gov.ar\/wp-content\/uploads\/secretaria-administrativa\/concurso-cargo-secadmin\/pdf\/2023\/ANEXO-CRONOGRAMA-1RA-C.J..pdf<\/a><\/p>\n\n\n\n<p>Deber\u00e1n asistir con su documento de identidad, una lapicera para firmar el examen y la ficha de inscripci\u00f3n.&nbsp;<\/p>\n","protected":false},"excerpt":{"rendered":"<p>El cronograma de fechas y horario de ex\u00e1menes se encuentra publicado en la p\u00e1gina web del Poder Judicial y pueden verlo aqu\u00ed: https:\/\/www.juscorrientes.gov.ar\/wp-content\/uploads\/secretaria-administrativa\/concurso-cargo-secadmin\/pdf\/2023\/ANEXO-CRONOGRAMA-1RA-C.J..pdf Deber\u00e1n asistir con su documento de identidad,&hellip; <\/p>\n","protected":false},"author":1,"featured_media":90642,"comment_status":"closed","ping_status":"open","sticky":false,"template":"","format":"standard","meta":{"footnotes":""},"categories":[8],"tags":[],"class_list":["post-90641","post","type-post","status-publish","format-standard","has-post-thumbnail","hentry","category-locales"],"_links":{"self":[{"href":"https:\/\/corrientesdetarde.com\/index.php\/wp-json\/wp\/v2\/posts\/90641","targetHints":{"allow":["GET"]}}],"collection":[{"href":"https:\/\/corrientesdetarde.com\/index.php\/wp-json\/wp\/v2\/posts"}],"about":[{"href":"https:\/\/corrientesdetarde.com\/index.php\/wp-json\/wp\/v2\/types\/post"}],"author":[{"embeddable":true,"href":"https:\/\/corrientesdetarde.com\/index.php\/wp-json\/wp\/v2\/users\/1"}],"replies":[{"embeddable":true,"href":"https:\/\/corrientesdetarde.com\/index.php\/wp-json\/wp\/v2\/comments?post=90641"}],"version-history":[{"count":1,"href":"https:\/\/corrientesdetarde.com\/index.php\/wp-json\/wp\/v2\/posts\/90641\/revisions"}],"predecessor-version":[{"id":90644,"href":"https:\/\/corrientesdetarde.com\/index.php\/wp-json\/wp\/v2\/posts\/90641\/revisions\/90644"}],"wp:featuredmedia":[{"embeddable":true,"href":"https:\/\/corrientesdetarde.com\/index.php\/wp-json\/wp\/v2\/media\/90642"}],"wp:attachment":[{"href":"https:\/\/corrientesdetarde.com\/index.php\/wp-json\/wp\/v2\/media?parent=90641"}],"wp:term":[{"taxonomy":"category","embeddable":true,"href":"https:\/\/corrientesdetarde.com\/index.php\/wp-json\/wp\/v2\/categories?post=90641"},{"taxonomy":"post_tag","embeddable":true,"href":"https:\/\/corrientesdetarde.com\/index.php\/wp-json\/wp\/v2\/tags?post=90641"}],"curies":[{"name":"wp","href":"https:\/\/api.w.org\/{rel}","templated":true}]}}