{"id":90853,"date":"2023-09-26T21:56:25","date_gmt":"2023-09-27T00:56:25","guid":{"rendered":"https:\/\/corrientesdetarde.com\/?p=90853"},"modified":"2023-09-26T21:56:29","modified_gmt":"2023-09-27T00:56:29","slug":"el-director-de-argentina-1985-se-metio-en-la-polemica-entre-luis-brandoni-y-ricardo-darin","status":"publish","type":"post","link":"https:\/\/corrientesdetarde.com\/index.php\/espectaculos\/el-director-de-argentina-1985-se-metio-en-la-polemica-entre-luis-brandoni-y-ricardo-darin\/","title":{"rendered":"El director de \u201cArgentina, 1985\u201d se meti\u00f3 en la pol\u00e9mica entre Luis Brandoni y Ricardo Dar\u00edn"},"content":{"rendered":"\n<p>Santiago Mitre reconoci\u00f3 que \u201calgunas cr\u00edticas pueden tener raz\u00f3n\u201d.<\/p>\n\n\n\n<p><strong>Luis Brandoni<\/strong>\u00a0sorprendi\u00f3 al lanzar una fuerte cr\u00edtica hacia la pel\u00edcula \u201cArgentina, 1985\u201d, que fue muy bien recibida por el p\u00fablico y que particip\u00f3 como nominada a Mejor Pel\u00edcula Extranjera en la \u00faltima entrega de los Premios Oscar.<\/p>\n\n\n\n<p>\u201cSi hablo me enojo, porque un d\u00eda le voy a decir:&nbsp;<strong>\u2018\u00bfc\u00f3mo carajo hiciste Ricardo (Dar\u00edn) para hacer esa pel\u00edcula que es una canallada?<\/strong>&nbsp;Si no figura Alfons\u00edn, ni ninguno que lo hizo\u2019\u201d, hab\u00eda criticado Brandoni.<\/p>\n\n\n\n<p>Entonces\u00a0Dar\u00edn se manifest\u00f3 \u201canonadado\u201d y \u201ccon dolor en el alma\u201d: &#8220;No s\u00e9 de d\u00f3nde surge, no s\u00e9 qu\u00e9 le pasa. La verdad, estoy, como muchas otras personas<strong>, estamos estupefactos, esta es la realidad. No me voy a subir a esto, porque es un delirio<\/strong>&#8220;.<\/p>\n\n\n\n<p>Pero Brandoni escuch\u00f3 estas palabras de su compa\u00f1ero y se mostr\u00f3 arrepentido y con ganas de disculparse:&nbsp;<strong>\u201cEstoy tratando de comunicarme con \u00e9l para pedirle disculpas, porque eso de \u2018canallada\u2019 no estoy seguro de haberlo dicho, pero si lo dije, no me refer\u00eda a Ricardo Dar\u00edn.&nbsp;Me refer\u00eda a la pel\u00edcula, no a \u00e9l\u201d.&nbsp;<\/strong><\/p>\n\n\n\n<p>Ahora, se sum\u00f3 la palabra de Santiago Mitre, el director de la pel\u00edcula, que se meti\u00f3 en la pol\u00e9mica entre los actores: \u201cA m\u00ed me parece que cuando una pel\u00edcula genera discusiones sobre lo que dice, sobre lo que no dice, sobre lo que podr\u00eda haber dicho mejor, sobre el que podr\u00eda haber empatizado, eso habla bien de la pel\u00edcula\u201d.<\/p>\n\n\n\n<p>\u201cRecibo bien ese tipo de cr\u00edticas y me parece que ampl\u00edan los discursos que tiene la pel\u00edcula.&nbsp;<strong>Uno est\u00e1 hablando del Juicio a las Juntas, que es un hecho generado durante el gobierno de Ra\u00fal Alfons\u00edn, o sea que a partir de que una persona piense de que no se est\u00e1 representando del todo bien a Alfons\u00edn, genera que se hable de la presidencia de Alfons\u00edn, me parece que es algo bueno\u201d, agreg\u00f3 el director.<\/strong><\/p>\n\n\n\n<figure class=\"wp-block-image size-full\"><img loading=\"lazy\" decoding=\"async\" width=\"658\" height=\"384\" src=\"https:\/\/corrientesdetarde.com\/wp-content\/uploads\/2023\/09\/image-727.png\" alt=\"\" class=\"wp-image-90855\" srcset=\"https:\/\/corrientesdetarde.com\/wp-content\/uploads\/2023\/09\/image-727.png 658w, https:\/\/corrientesdetarde.com\/wp-content\/uploads\/2023\/09\/image-727-300x175.png 300w\" sizes=\"auto, (max-width: 658px) 100vw, 658px\" \/><figcaption><em>Santiago Mitre y Ricardo Dar\u00edn en la entrega de los Premios Oscar<\/em><\/figcaption><\/figure>\n\n\n\n<p><\/p>\n\n\n\n<p>\u201cA m\u00ed me hubiese encantado hablar de much\u00edsimas cosas m\u00e1s de las que habla la pel\u00edcula y\u00a0<strong>siento que en muchos casos algunas de las cr\u00edticas pueden tener raz\u00f3n<\/strong>. Me hubiese gustado poder hablar m\u00e1s de la participaci\u00f3n de los organismos de derechos humanos en el juicio, me hubiese gustado poder incluir muchos m\u00e1s testimonios que los que se incluyeron en la pel\u00edcula. Nosotros entendimos que para contar este hecho tan importante de la pol\u00edtica argentina hac\u00eda falta focalizarse en algunos personajes clave, y los personajes en los que nos focalizamos fueron<strong>\u00a0Strassera, Moreno Ocampo<\/strong>\u00a0y su equipo de j\u00f3venes abogados y\u00a0<strong>Adriana Calvo de Laborde<\/strong>\u00a0y muchos otros. Por supuesto que es una pel\u00edcula y tiene que elegir un punto de vista, y a trav\u00e9s de ese punto de vista tiene que intentar dar la visi\u00f3n m\u00e1s amplia que se pueda. La verdad es que lo intentamos, creo que en much\u00edsimos casos la gente opina que lo logramos, algunos opinan que no lo logramos tanto y tal vez eso sea lo bueno de hacer una pel\u00edcula\u201d, concluy\u00f3.<\/p>\n\n\n\n<figure class=\"wp-block-embed is-type-video is-provider-youtube wp-block-embed-youtube wp-embed-aspect-16-9 wp-has-aspect-ratio\"><div class=\"wp-block-embed__wrapper\">\n<iframe loading=\"lazy\" title=\"Santiago Mitre: &quot;Hay mucha demagogia de derecha, si Milei quisiera cerrar el INCAA no podr\u00eda&quot;\" width=\"1110\" height=\"624\" src=\"https:\/\/www.youtube.com\/embed\/f8xDoXsT2T4?feature=oembed\" frameborder=\"0\" allow=\"accelerometer; autoplay; clipboard-write; encrypted-media; gyroscope; picture-in-picture; web-share\" allowfullscreen><\/iframe>\n<\/div><\/figure>\n","protected":false},"excerpt":{"rendered":"<p>Santiago Mitre reconoci\u00f3 que \u201calgunas cr\u00edticas pueden tener raz\u00f3n\u201d. Luis Brandoni\u00a0sorprendi\u00f3 al lanzar una fuerte cr\u00edtica hacia la pel\u00edcula \u201cArgentina, 1985\u201d, que fue muy bien recibida por el p\u00fablico y&hellip; <\/p>\n","protected":false},"author":4,"featured_media":90854,"comment_status":"closed","ping_status":"open","sticky":false,"template":"","format":"standard","meta":{"footnotes":""},"categories":[19],"tags":[],"class_list":["post-90853","post","type-post","status-publish","format-standard","has-post-thumbnail","hentry","category-espectaculos"],"_links":{"self":[{"href":"https:\/\/corrientesdetarde.com\/index.php\/wp-json\/wp\/v2\/posts\/90853","targetHints":{"allow":["GET"]}}],"collection":[{"href":"https:\/\/corrientesdetarde.com\/index.php\/wp-json\/wp\/v2\/posts"}],"about":[{"href":"https:\/\/corrientesdetarde.com\/index.php\/wp-json\/wp\/v2\/types\/post"}],"author":[{"embeddable":true,"href":"https:\/\/corrientesdetarde.com\/index.php\/wp-json\/wp\/v2\/users\/4"}],"replies":[{"embeddable":true,"href":"https:\/\/corrientesdetarde.com\/index.php\/wp-json\/wp\/v2\/comments?post=90853"}],"version-history":[{"count":1,"href":"https:\/\/corrientesdetarde.com\/index.php\/wp-json\/wp\/v2\/posts\/90853\/revisions"}],"predecessor-version":[{"id":90856,"href":"https:\/\/corrientesdetarde.com\/index.php\/wp-json\/wp\/v2\/posts\/90853\/revisions\/90856"}],"wp:featuredmedia":[{"embeddable":true,"href":"https:\/\/corrientesdetarde.com\/index.php\/wp-json\/wp\/v2\/media\/90854"}],"wp:attachment":[{"href":"https:\/\/corrientesdetarde.com\/index.php\/wp-json\/wp\/v2\/media?parent=90853"}],"wp:term":[{"taxonomy":"category","embeddable":true,"href":"https:\/\/corrientesdetarde.com\/index.php\/wp-json\/wp\/v2\/categories?post=90853"},{"taxonomy":"post_tag","embeddable":true,"href":"https:\/\/corrientesdetarde.com\/index.php\/wp-json\/wp\/v2\/tags?post=90853"}],"curies":[{"name":"wp","href":"https:\/\/api.w.org\/{rel}","templated":true}]}}