{"id":90857,"date":"2023-09-26T22:04:51","date_gmt":"2023-09-27T01:04:51","guid":{"rendered":"https:\/\/corrientesdetarde.com\/?p=90857"},"modified":"2023-09-26T22:05:04","modified_gmt":"2023-09-27T01:05:04","slug":"cuando-es-el-primer-debate-presidencial-y-como-se-preparan-los-candidatos","status":"publish","type":"post","link":"https:\/\/corrientesdetarde.com\/index.php\/politica\/cuando-es-el-primer-debate-presidencial-y-como-se-preparan-los-candidatos\/","title":{"rendered":"\u00bfCu\u00e1ndo es el primer debate presidencial y c\u00f3mo se preparan los candidatos?"},"content":{"rendered":"\n<p>Sergio Massa, Javier Milei, Patricia Bullrich, Myriam Bregman y Juan Schiaretti protagonizar\u00e1n dos debates camino a las elecciones generales del 22 de octubre.<\/p>\n\n\n\n<p>Los candidatos presidenciales se preparan para protagonizar<strong>&nbsp;el domingo 1 de octubre<\/strong>&nbsp;el primer debate que tendr\u00e1 lugar en la provincia de&nbsp;<strong>Santiago del Estero<\/strong>.<\/p>\n\n\n\n<p>Se da&nbsp;en la previa a las elecciones generales del 22 de octubre y a una semana del segundo intercambio a realizarse el 8 del mismo mes en la&nbsp;<strong>Facultad de Derecho de la Universidad Nacional de Buenos Aires<\/strong>&nbsp;(UBA).&nbsp;<\/p>\n\n\n\n<p>Seg\u00fan dicta la ley 27.337, aprobada en 2016, se realizar\u00e1n dos debates previos&nbsp;entre los 20 y 7 d\u00edas previos a los comicios. En el caso de haber segunda vuelta, deber\u00e1 coordinarse&nbsp;<strong>un tercer debate.<\/strong><\/p>\n\n\n\n<p>El intercambio se realizar\u00e1 el 1\u00b0 de octubre en la provincia de Santiago del Estero y ser\u00e1 coordinado por la<strong>&nbsp;Universidad Nacional de Santiago del Estero<\/strong>.&nbsp;<\/p>\n\n\n\n<p>Participar\u00e1n los aspirantes a presidentes:<strong>&nbsp;Javier Milei<\/strong>&nbsp;(La Libertad Avanza),<strong>&nbsp;Sergio Massa&nbsp;<\/strong>(Uni\u00f3n por la Patria),<strong>&nbsp;Patricia Bullrich<\/strong>&nbsp;(Juntos por el Cambio),<strong>&nbsp;Juan Schiaretti&nbsp;<\/strong>(Hacemos por Nuestro Pa\u00eds) y<strong>&nbsp;Myriam Bregman<\/strong>&nbsp;(Frente de Izquierda y Trabajadores-Unidad).<\/p>\n\n\n\n<h2 class=\"wp-block-heading\">Detalles del primer debate en Santiago del Estero<\/h2>\n\n\n\n<p>Seg\u00fan el reglamento establecido por la&nbsp;<strong>C\u00e1mara Nacional Electoral (DINE)<\/strong>, cada candidato tendr\u00e1&nbsp;<strong>un minuto<\/strong>&nbsp;de presentaci\u00f3n libre y luego deber\u00e1 atenerse a disertar respecto a&nbsp;<strong>3 ejes tem\u00e1ticos<\/strong>, uno de ellos elegido a trav\u00e9s de la participaci\u00f3n ciudadana. Contar\u00e1n con&nbsp;<strong>dos minutos<\/strong>&nbsp;para desarrollar sus propuestas.&nbsp;<\/p>\n\n\n\n<p>Una de las novedades del intercambio ser\u00e1 la posibilidad de pedir el&nbsp;<strong>&#8220;derecho a r\u00e9plica&#8221;<\/strong>&nbsp;que podr\u00e1 solicitarse en un m\u00e1ximo de&nbsp;<strong>cinco oportunidades<\/strong>. Adem\u00e1s, habr\u00e1 un segmento de&nbsp;<strong>cruces entre candidatos<\/strong>, donde podr\u00e1n elaborar una pregunta a cada uno de sus competidores que deber\u00e1 ser respondida en&nbsp;<strong>45 segundos<\/strong>.<\/p>\n\n\n\n<p>Durante el \u00faltimo bloque, los presidenciales contar\u00e1n con<strong>&nbsp;un minuto libre destinado al cierre.&nbsp;<\/strong><\/p>\n\n\n\n<p>Los candidatos deber\u00e1n prepararse para exponer respecto a<strong>&nbsp;Econom\u00eda,&nbsp;Educaci\u00f3n<\/strong>&nbsp;y en tercer lugar, designado por la ciudadan\u00eda,<strong>&nbsp;Derechos Humanos y Convivencia Democr\u00e1tica.<\/strong><\/p>\n\n\n\n<p>Respecto a las ubicaciones, la candidata del Frente de Izquierda,\u00a0<strong>Myriam Bregman<\/strong>, estar\u00e1 en el primer atril y le seguir\u00e1n\u00a0<strong>Sergio Massa\u00a0<\/strong>(Uni\u00f3n por la Patria),\u00a0<strong>Patricia Bullrich<\/strong>\u00a0(Juntos por el Cambio),\u00a0<strong>Juan Schiaretti<\/strong>\u00a0(Hacemos por Nuestro Pa\u00eds) y\u00a0<strong>Javier Milei<\/strong>\u00a0(La Libertad Avanza). Los atriles estar\u00e1n dispuestos de izquierda a derecha de la pantalla televisiva.\u00a0<\/p>\n\n\n\n<p>Bregman tendr\u00e1 el rol A y ser\u00e1 la primera en tomar la palabra, el B qued\u00f3 para Milei, C para Massa, el D Bullrich y cerrar\u00e1 Schiaretti con el E.&nbsp;<\/p>\n\n\n\n<p>El segundo debate presidencial ser\u00e1 el&nbsp;<strong>8 de octubre<\/strong>&nbsp;y se realizar\u00e1 en la&nbsp;<strong>Facultad de Derecho de la UBA.<\/strong>&nbsp;La din\u00e1mica es similar aunque&nbsp;se debatir\u00e1 sobre&nbsp;<strong>Seguridad, Trabajo y Producci\u00f3n<\/strong>.<\/p>\n\n\n\n<p>Ante una eventual segunda vuelta, la fecha designada es el&nbsp;<strong>12 de noviembre.<\/strong><\/p>\n","protected":false},"excerpt":{"rendered":"<p>Sergio Massa, Javier Milei, Patricia Bullrich, Myriam Bregman y Juan Schiaretti protagonizar\u00e1n dos debates camino a las elecciones generales del 22 de octubre. Los candidatos presidenciales se preparan para protagonizar&nbsp;el&hellip; <\/p>\n","protected":false},"author":4,"featured_media":90858,"comment_status":"closed","ping_status":"open","sticky":false,"template":"","format":"standard","meta":{"footnotes":""},"categories":[3],"tags":[],"class_list":["post-90857","post","type-post","status-publish","format-standard","has-post-thumbnail","hentry","category-politica"],"_links":{"self":[{"href":"https:\/\/corrientesdetarde.com\/index.php\/wp-json\/wp\/v2\/posts\/90857","targetHints":{"allow":["GET"]}}],"collection":[{"href":"https:\/\/corrientesdetarde.com\/index.php\/wp-json\/wp\/v2\/posts"}],"about":[{"href":"https:\/\/corrientesdetarde.com\/index.php\/wp-json\/wp\/v2\/types\/post"}],"author":[{"embeddable":true,"href":"https:\/\/corrientesdetarde.com\/index.php\/wp-json\/wp\/v2\/users\/4"}],"replies":[{"embeddable":true,"href":"https:\/\/corrientesdetarde.com\/index.php\/wp-json\/wp\/v2\/comments?post=90857"}],"version-history":[{"count":1,"href":"https:\/\/corrientesdetarde.com\/index.php\/wp-json\/wp\/v2\/posts\/90857\/revisions"}],"predecessor-version":[{"id":90859,"href":"https:\/\/corrientesdetarde.com\/index.php\/wp-json\/wp\/v2\/posts\/90857\/revisions\/90859"}],"wp:featuredmedia":[{"embeddable":true,"href":"https:\/\/corrientesdetarde.com\/index.php\/wp-json\/wp\/v2\/media\/90858"}],"wp:attachment":[{"href":"https:\/\/corrientesdetarde.com\/index.php\/wp-json\/wp\/v2\/media?parent=90857"}],"wp:term":[{"taxonomy":"category","embeddable":true,"href":"https:\/\/corrientesdetarde.com\/index.php\/wp-json\/wp\/v2\/categories?post=90857"},{"taxonomy":"post_tag","embeddable":true,"href":"https:\/\/corrientesdetarde.com\/index.php\/wp-json\/wp\/v2\/tags?post=90857"}],"curies":[{"name":"wp","href":"https:\/\/api.w.org\/{rel}","templated":true}]}}