{"id":90860,"date":"2023-09-26T22:13:44","date_gmt":"2023-09-27T01:13:44","guid":{"rendered":"https:\/\/corrientesdetarde.com\/?p=90860"},"modified":"2023-09-26T22:13:50","modified_gmt":"2023-09-27T01:13:50","slug":"que-declaro-el-camionero-detenido-por-el-accidente-en-el-que-murio-el-cantante-huguito-flores","status":"publish","type":"post","link":"https:\/\/corrientesdetarde.com\/index.php\/sociales\/que-declaro-el-camionero-detenido-por-el-accidente-en-el-que-murio-el-cantante-huguito-flores\/","title":{"rendered":"\u00bfQu\u00e9 declar\u00f3 el camionero detenido por el accidente en el que muri\u00f3 el cantante Huguito Flores?"},"content":{"rendered":"\n<p>Daniel &#8220;Poroto&#8221; Rold\u00e1n era fan\u00e1tico del m\u00fasico y en su testimonio asegur\u00f3 que le funcionaban las luces delanteras del cami\u00f3n y una sola de las traseras.<\/p>\n\n\n\n<p>El conducto del cami\u00f3n que choc\u00f3 contra el auto en el que viajaba el<strong>\u00a0m\u00fasico Huguito Flores<\/strong>, que perdi\u00f3 la vida junto a su esposa y cu\u00f1ado,<strong>\u00a0declar\u00f3 y dio detalles sobre qu\u00e9 sucedi\u00f3 aquella noche tr\u00e1gica<\/strong>\u00a0en la Ruta Nacional 34 en Santiago del Estero.\u00a0<\/p>\n\n\n\n<p>En su testimonio<strong>&nbsp;Daniel &#8220;Poroto&#8221; Rold\u00e1n<\/strong>&nbsp;manifest\u00f3 ser&nbsp;<strong>fan\u00e1tico del cantante<\/strong>&nbsp;y que&nbsp;<strong>&#8220;est\u00e1 muy triste y consternado por lo que pas\u00f3&#8221;.<\/strong>&nbsp;Su&nbsp;abogado, Eduardo Ch\u00e1vez, resalt\u00f3 que a su cliente &#8220;le cambi\u00f3 la vida&#8221;.<\/p>\n\n\n\n<p>Rold\u00e1n fue indagado por&nbsp;la fiscal Celia Mussi acusado del delito de&nbsp;<strong>&#8220;triple homicidio culposo y lesiones culposas&#8221;<\/strong>. Esta \u00faltima figura se relaciona a que contin\u00faa internada en grave estado la hija de tres a\u00f1os de Huguito Flores.<\/p>\n\n\n\n<p><strong>&#8220;Nunca ve el accidente<\/strong>. \u00c9l dice que iba por su mano,&nbsp;<strong>con las luces delanteras prendidas y solo con la luz trasera izquierda funcionando<\/strong>.<strong>&nbsp;De repente siente un impacto, un golpe en la zona del conductor<\/strong>, siente que pierde la estabilidad del cami\u00f3n, logra dominarlo y a los 50 o 100 metros frena, lo deja en la banquina. Desciende con su compa\u00f1ero y se encuentra con el accidente&#8221;, reconstruy\u00f3 el defensor.&nbsp;<\/p>\n\n\n\n<p>Adem\u00e1s, el abogado ratific\u00f3 que en todo momento el chofer<strong>&nbsp;auxili\u00f3 a las v\u00edctimas y que nunca pens\u00f3 en fugarse.<\/strong><\/p>\n\n\n\n<p>El accidente ocurri\u00f3 el&nbsp;<strong>mi\u00e9rcoles 20 de septiembre a las 22.45 entre un cami\u00f3n Ford y el auto Volkswagen Suran del cantante.<\/strong>&nbsp;Por el hecho Huguito Flores; su mujer Karina Enriquez, con quien se hab\u00eda casado seis d\u00edas antes; y su cu\u00f1ado Rub\u00e9n Enriquez murieron mientras que la menor sobrevivi\u00f3.<\/p>\n\n\n\n<p>Por ahora&nbsp;<strong>no se conocieron las pericias realizadas en el lugar<\/strong>&nbsp;para constatar qui\u00e9n tuvo la culpa en el choque tr\u00e1gico. El abogado del chofer pedir\u00e1 la&nbsp;<strong>excarcelaci\u00f3n<\/strong>&nbsp;de su cliente al asegurar que&nbsp;<strong>el test de alcoholemia dio negativo.<\/strong><\/p>\n\n\n\n<p>Acerca del estado de salud de la hija de la pareja, desde el Centro Provincial de Salud Infantil confirmaron que&nbsp;&#8220;la menor, de 2 a\u00f1os y 11 meses de edad, tiene un diagn\u00f3stico de&nbsp;<strong>politraumatismo, con traumatismo enc\u00e9falo craneal grave<\/strong>, por accidente de tr\u00e1nsito&#8221;.<\/p>\n","protected":false},"excerpt":{"rendered":"<p>Daniel &#8220;Poroto&#8221; Rold\u00e1n era fan\u00e1tico del m\u00fasico y en su testimonio asegur\u00f3 que le funcionaban las luces delanteras del cami\u00f3n y una sola de las traseras. El conducto del cami\u00f3n&hellip; <\/p>\n","protected":false},"author":4,"featured_media":90861,"comment_status":"closed","ping_status":"open","sticky":false,"template":"","format":"standard","meta":{"footnotes":""},"categories":[17],"tags":[],"class_list":["post-90860","post","type-post","status-publish","format-standard","has-post-thumbnail","hentry","category-sociales"],"_links":{"self":[{"href":"https:\/\/corrientesdetarde.com\/index.php\/wp-json\/wp\/v2\/posts\/90860","targetHints":{"allow":["GET"]}}],"collection":[{"href":"https:\/\/corrientesdetarde.com\/index.php\/wp-json\/wp\/v2\/posts"}],"about":[{"href":"https:\/\/corrientesdetarde.com\/index.php\/wp-json\/wp\/v2\/types\/post"}],"author":[{"embeddable":true,"href":"https:\/\/corrientesdetarde.com\/index.php\/wp-json\/wp\/v2\/users\/4"}],"replies":[{"embeddable":true,"href":"https:\/\/corrientesdetarde.com\/index.php\/wp-json\/wp\/v2\/comments?post=90860"}],"version-history":[{"count":1,"href":"https:\/\/corrientesdetarde.com\/index.php\/wp-json\/wp\/v2\/posts\/90860\/revisions"}],"predecessor-version":[{"id":90862,"href":"https:\/\/corrientesdetarde.com\/index.php\/wp-json\/wp\/v2\/posts\/90860\/revisions\/90862"}],"wp:featuredmedia":[{"embeddable":true,"href":"https:\/\/corrientesdetarde.com\/index.php\/wp-json\/wp\/v2\/media\/90861"}],"wp:attachment":[{"href":"https:\/\/corrientesdetarde.com\/index.php\/wp-json\/wp\/v2\/media?parent=90860"}],"wp:term":[{"taxonomy":"category","embeddable":true,"href":"https:\/\/corrientesdetarde.com\/index.php\/wp-json\/wp\/v2\/categories?post=90860"},{"taxonomy":"post_tag","embeddable":true,"href":"https:\/\/corrientesdetarde.com\/index.php\/wp-json\/wp\/v2\/tags?post=90860"}],"curies":[{"name":"wp","href":"https:\/\/api.w.org\/{rel}","templated":true}]}}