{"id":90863,"date":"2023-09-26T22:14:59","date_gmt":"2023-09-27T01:14:59","guid":{"rendered":"https:\/\/corrientesdetarde.com\/?p=90863"},"modified":"2023-09-26T22:15:11","modified_gmt":"2023-09-27T01:15:11","slug":"confirmaron-las-condenas-contra-la-mama-de-lucio-dupuy-y-agravan-su-pena","status":"publish","type":"post","link":"https:\/\/corrientesdetarde.com\/index.php\/actualidad\/confirmaron-las-condenas-contra-la-mama-de-lucio-dupuy-y-agravan-su-pena\/","title":{"rendered":"Confirmaron las condenas contra la mam\u00e1 de Lucio Dupuy y agravan su pena"},"content":{"rendered":"\n<p>Adem\u00e1s de agregar la condena por abuso sexual sobre Magdalena Esposito Valenti, la Justicia confirm\u00f3 la pena de perpetua tambi\u00e9n para su novia Abigail P\u00e1ez.\u00a0<\/p>\n\n\n\n<p>El Superior Tribunal de Justicia de La Pampa confirm\u00f3 hoy las penas de prisi\u00f3n perpetua para Madgalena Esp\u00f3sito Valenti y su novia Abigail P\u00e1ez por el crimen del chiquito Lucio Dupuy, en Santa Rosa La Pampa.&nbsp;<\/p>\n\n\n\n<p>Adem\u00e1s, el Tribunal de impugnaci\u00f3n agrav\u00f3 la condena sobre Abigail P\u00e1ez por el delito de abuso sexual algo que hab\u00edan descartado en el juicio. En el caso de Abigail P\u00e1ez s\u00ed lo fue durante el debate pero ahora lo calificaron como gravemente ultrajante.&nbsp;<\/p>\n\n\n\n<p>La Sala A, conformada por la jueza Mar\u00eda Eugenia Schijvarger y el juez Mauricio Piombi, acompa\u00f1ados por la secretaria Mar\u00eda Elena Gr\u00e9goire, acept\u00f3 todos los planteos de la fiscal\u00eda, admiti\u00f3 parcialmente los de la querella y rechaz\u00f3 los cuestionamientos de las defensas de las imputadas.<\/p>\n\n\n\n<p>La Audiencia de Juicio hab\u00eda hallado culpable a Esp\u00f3sito Valenti, la mam\u00e1 de Lucio, de homicidio triplemente calificado por el v\u00ednculo, alevos\u00eda y ensa\u00f1amiento; y a P\u00e1ez de homicidio doblemente calificado por alevos\u00eda y ensa\u00f1amiento, en concurso real con el delito de abuso sexual con acceso carnal por v\u00eda anal, ejecutado con un objeto f\u00e1lico; agravado por tratarse de la guardadora y por haberse cometido contra un menor de 18 a\u00f1os de edad, aprovechando la situaci\u00f3n de convivencia preexistente, como delito continuado.<\/p>\n\n\n\n<p>Adem\u00e1s el Tribunal hab\u00eda absuelto a Esp\u00f3sito Valenti de la acusaci\u00f3n de abuso sexual agravado por aplicaci\u00f3n del art\u00edculo 6 del C\u00f3digo Procesal Penal de La Pampa; es decir por el beneficio de la duda. Eso fue revertido por el Alto Tribunal provincial.<\/p>\n\n\n\n<p>A Lucio, de cinco a\u00f1os, ambas lo mataron el 26 de noviembre de 2021, en la vivienda familiar que los tres compart\u00edan, luego de darle una paliza. Ante la Justicia, las acusadas justificaron que delincuentes ingresaron al domicilio a robar pero por los testimonios y el perito forense Juan Carlos Toulouse r\u00e1pidamente se descubri\u00f3 que los golpes ven\u00edan de muchos d\u00edas atr\u00e1s.&nbsp;<\/p>\n\n\n\n<p>El caso qued\u00f3 en la mira porque Lucio estaba en disputa entre el pap\u00e1 y la madre y la Justicia hab\u00eda concedido que quede en poder de esta \u00faltima.<\/p>\n\n\n\n<p>La v\u00edctima sufri\u00f3 un politraumatismo por golpes que le provoc\u00f3&nbsp;la muerte. Adem\u00e1s, y de acuerdo con la autopsia, presentaba&nbsp;&#8220;lesiones en varias partes del cuerpo&#8221;, entre ellas, &#8220;golpes,&nbsp;mordeduras y quemaduras de cigarrillo&#8221;.<\/p>\n\n\n\n<p>Durante el juicio que tuvo lugar en La Pampa qued\u00f3 expuesto que Lucio ven\u00eda sufriendo maltratos, no s\u00f3lo por lo que dijeron maestras del jard\u00edn, quienes lo vieron lastimado; sino tambi\u00e9n personal de salud a ra\u00edz que fue llevado previo al d\u00eda del crimen.<\/p>\n","protected":false},"excerpt":{"rendered":"<p>Adem\u00e1s de agregar la condena por abuso sexual sobre Magdalena Esposito Valenti, la Justicia confirm\u00f3 la pena de perpetua tambi\u00e9n para su novia Abigail P\u00e1ez.\u00a0 El Superior Tribunal de Justicia&hellip; <\/p>\n","protected":false},"author":4,"featured_media":90864,"comment_status":"closed","ping_status":"open","sticky":false,"template":"","format":"standard","meta":{"footnotes":""},"categories":[23],"tags":[],"class_list":["post-90863","post","type-post","status-publish","format-standard","has-post-thumbnail","hentry","category-actualidad"],"_links":{"self":[{"href":"https:\/\/corrientesdetarde.com\/index.php\/wp-json\/wp\/v2\/posts\/90863","targetHints":{"allow":["GET"]}}],"collection":[{"href":"https:\/\/corrientesdetarde.com\/index.php\/wp-json\/wp\/v2\/posts"}],"about":[{"href":"https:\/\/corrientesdetarde.com\/index.php\/wp-json\/wp\/v2\/types\/post"}],"author":[{"embeddable":true,"href":"https:\/\/corrientesdetarde.com\/index.php\/wp-json\/wp\/v2\/users\/4"}],"replies":[{"embeddable":true,"href":"https:\/\/corrientesdetarde.com\/index.php\/wp-json\/wp\/v2\/comments?post=90863"}],"version-history":[{"count":1,"href":"https:\/\/corrientesdetarde.com\/index.php\/wp-json\/wp\/v2\/posts\/90863\/revisions"}],"predecessor-version":[{"id":90865,"href":"https:\/\/corrientesdetarde.com\/index.php\/wp-json\/wp\/v2\/posts\/90863\/revisions\/90865"}],"wp:featuredmedia":[{"embeddable":true,"href":"https:\/\/corrientesdetarde.com\/index.php\/wp-json\/wp\/v2\/media\/90864"}],"wp:attachment":[{"href":"https:\/\/corrientesdetarde.com\/index.php\/wp-json\/wp\/v2\/media?parent=90863"}],"wp:term":[{"taxonomy":"category","embeddable":true,"href":"https:\/\/corrientesdetarde.com\/index.php\/wp-json\/wp\/v2\/categories?post=90863"},{"taxonomy":"post_tag","embeddable":true,"href":"https:\/\/corrientesdetarde.com\/index.php\/wp-json\/wp\/v2\/tags?post=90863"}],"curies":[{"name":"wp","href":"https:\/\/api.w.org\/{rel}","templated":true}]}}