{"id":9097,"date":"2022-10-06T10:39:28","date_gmt":"2022-10-06T13:39:28","guid":{"rendered":"https:\/\/corrientesdetarde.com\/?p=9097"},"modified":"2022-10-06T10:39:31","modified_gmt":"2022-10-06T13:39:31","slug":"murio-a-los-85-anos-pochi-la-mama-de-claudia-villafane-2","status":"publish","type":"post","link":"https:\/\/corrientesdetarde.com\/index.php\/espectaculos\/murio-a-los-85-anos-pochi-la-mama-de-claudia-villafane-2\/","title":{"rendered":"<strong>Muri\u00f3 a los 85 a\u00f1os Pochi, la mam\u00e1 de Claudia Villafa\u00f1e<\/strong>"},"content":{"rendered":"\n<p>La mujer ten\u00eda una relaci\u00f3n muy cercana con sus nietas Dalma y Gianinna. Hac\u00eda un tiempo que se encontraba internada debido a sus problemas de salud<\/p>\n\n\n\n<p><strong>Ana Mar\u00eda El\u00eda<\/strong>, la mam\u00e1 de&nbsp;<strong>Claudia Villafa\u00f1e<\/strong>, muri\u00f3 a los 85 a\u00f1os. La mujer, conocida desde siempre como&nbsp;<strong><em>Pochi,<\/em><\/strong>&nbsp;transitaba una prolongada enfermedad y su familia manej\u00f3 sus \u00faltimos d\u00edas en absoluto hermetismo. Al igual que su marido&nbsp;<strong>Coco Villafa\u00f1<\/strong>e, fallecido en 2011, ten\u00eda una relaci\u00f3n muy cercana a la empresaria y a&nbsp;<strong>Dalma y Gianinna<\/strong>, las hijas que tuvo con&nbsp;<strong>Diego Maradona<\/strong>.<\/p>\n\n\n\n<p>La noticia la difundi\u00f3&nbsp;<strong>P\u00eda Shaw<\/strong>&nbsp;en&nbsp;<strong><em>LAM (Am\u00e9rica)<\/em><\/strong>, donde revel\u00f3 que manten\u00eda un di\u00e1logo frecuente con Claudia: \u201cSu mam\u00e1 estaba internada hace un tiempo largo en un hogar muy bien cuidada\u201d, asegur\u00f3 la periodista. Y agreg\u00f3 que el s\u00e1bado se empez\u00f3 a sentir mal y llamaron a una ambulancia, pero no pudieron reanimarla. \u201cSe trat\u00f3 de una despedida entre sus m\u00e1s \u00edntimos, Pochi estaba entera y tanto Claudia como su hermana hicieron todo para que su mam\u00e1 est\u00e1 bien\u201d, agreg\u00f3 Shaw.<\/p>\n\n\n\n<p>En el programa que conduce&nbsp;<strong>\u00c1ngel de Brito&nbsp;<\/strong>tambi\u00e9n destacaron el cari\u00f1o que le ten\u00edan las hijas. \u201cDalma siempre dec\u00eda que era su nieta preferida y compart\u00edan mucho.&nbsp;<strong>Pochi y Coco fueron abuelos muy importantes en la vida de las chicas, acompa\u00f1aron much<\/strong>o\u201d, cerr\u00f3 P\u00eda en referencia a Nicol\u00e1s&nbsp;<em>Coco<\/em>&nbsp;Villafa\u00f1e falleci\u00f3 en el a\u00f1o 2011.<\/p>\n\n\n\n<p>Si bien nunca hizo demasiadas referencias a la salud de su madre, una de las veces que lo mencion\u00f3 fue a principios del a\u00f1o pasado, durante&nbsp;su recordada consagraci\u00f3n en&nbsp;<em>Masterchef Celebrity<\/em>.&nbsp;Durante su emocionante discurso de agradecimiento, Claudia tuvo su momento para decir unas conmovedoras palabras para mencionar a quienes no hab\u00edan podido acompa\u00f1arla para celebrar el campeonato.<\/p>\n\n\n\n<p>\u201c<strong>Falta gente que me gustar\u00eda que est\u00e9 ac\u00e1, como mi nieto Benjam\u00edn, que est\u00e1 con su pap\u00e1, y Roma, que su pap\u00e1 no quiere que la muestren en televisi\u00f3n. Mi mam\u00e1, que est\u00e1 mal de salud, y el pap\u00e1 de mis hijas que no est\u00e1&#8230;<\/strong>\u201d. Vale recordar que todav\u00eda no hab\u00edan pasado dos meses del fat\u00eddico 25 de noviembre de 2020 cuando falleci\u00f3 Diego Maradona.<\/p>\n\n\n\n<p>Pochi estuvo muy presente en el camino de Claudia en<em>&nbsp;Masterchef<\/em>. En m\u00e1s de una ocasi\u00f3n cocin\u00f3 los platos que ella le hac\u00eda de peque\u00f1a, incluso los que no com\u00eda. En una de las galas, la prueba consist\u00eda en realizar un plato con sesos de vaca y ella realiz\u00f3 la receta materna de&nbsp;<strong>pasta rellena con acelga, ricota y la prote\u00edna: \u201cNunca se lo com\u00ed, pobre. A m\u00ed me daba cosa cuando lo preparaba\u201d.<\/strong><\/p>\n\n\n\n<p>Al de contar que su mam\u00e1 no estaba pasando por un buen momento, se la vio muy conmovida: \u201c<strong>Muy dif\u00edcil poder hablar y sacar todo lo que tengo adentro. Dalma me dijo que no hab\u00eda que llorar en tele.<\/strong>&nbsp;Me toc\u00f3 hacer esto en un momento de pandemia, sin laburo, me cost\u00f3 mucho aceptarlo y lo disfrut\u00e9 much\u00edsimo\u201d, repas\u00f3 d\u00edas antes de la final en la que se impuso a Anal\u00eda Franch\u00edn.<\/p>\n\n\n\n<p>El 8 de junio de 2020, con motivo de su cumplea\u00f1os n\u00famero 83, Claudia hab\u00eda saludado a su madre con un posteo con fotos del \u00e1lbum familiar y una sentida dedicatoria: \u201cQue los cumplas feliz.<strong>&nbsp;\u00a1Gracias por ense\u00f1arme las prioridades de la vida y estar acompa\u00f1\u00e1ndome en cada paso en la m\u00eda!&nbsp;<\/strong>Te amo\u201d, escribi\u00f3.<\/p>\n\n\n\n<p>En el \u00faltimo D\u00eda del padre, subi\u00f3 otra foto familiar, esta vez junto a sus padres, sus hijas, y su nieto Benjam\u00edn, y con un mensaje similar. \u201cFeliz d\u00eda del padre, a vos, que junto con mam\u00e1 me transmitieron los valores y los c\u00f3digos de vida que hicieron que hoy sea quien soy. Donde quieras que est\u00e9s brindo con vos, porque se que vos siempre estas conmigo\u201d. En el mismo sentido suele homenajearla Dalma, que la recuerda en las celebraciones del D\u00eda de la madre:&nbsp;<strong>\u201cGracias por acompa\u00f1arme en este camino de ser mam\u00e1\u201d.<\/strong><\/p>\n","protected":false},"excerpt":{"rendered":"<p>La mujer ten\u00eda una relaci\u00f3n muy cercana con sus nietas Dalma y Gianinna. Hac\u00eda un tiempo que se encontraba internada debido a sus problemas de salud Ana Mar\u00eda El\u00eda, la&hellip; <\/p>\n","protected":false},"author":7,"featured_media":9098,"comment_status":"closed","ping_status":"open","sticky":false,"template":"","format":"standard","meta":{"footnotes":""},"categories":[19],"tags":[],"class_list":["post-9097","post","type-post","status-publish","format-standard","has-post-thumbnail","hentry","category-espectaculos"],"_links":{"self":[{"href":"https:\/\/corrientesdetarde.com\/index.php\/wp-json\/wp\/v2\/posts\/9097","targetHints":{"allow":["GET"]}}],"collection":[{"href":"https:\/\/corrientesdetarde.com\/index.php\/wp-json\/wp\/v2\/posts"}],"about":[{"href":"https:\/\/corrientesdetarde.com\/index.php\/wp-json\/wp\/v2\/types\/post"}],"author":[{"embeddable":true,"href":"https:\/\/corrientesdetarde.com\/index.php\/wp-json\/wp\/v2\/users\/7"}],"replies":[{"embeddable":true,"href":"https:\/\/corrientesdetarde.com\/index.php\/wp-json\/wp\/v2\/comments?post=9097"}],"version-history":[{"count":1,"href":"https:\/\/corrientesdetarde.com\/index.php\/wp-json\/wp\/v2\/posts\/9097\/revisions"}],"predecessor-version":[{"id":9099,"href":"https:\/\/corrientesdetarde.com\/index.php\/wp-json\/wp\/v2\/posts\/9097\/revisions\/9099"}],"wp:featuredmedia":[{"embeddable":true,"href":"https:\/\/corrientesdetarde.com\/index.php\/wp-json\/wp\/v2\/media\/9098"}],"wp:attachment":[{"href":"https:\/\/corrientesdetarde.com\/index.php\/wp-json\/wp\/v2\/media?parent=9097"}],"wp:term":[{"taxonomy":"category","embeddable":true,"href":"https:\/\/corrientesdetarde.com\/index.php\/wp-json\/wp\/v2\/categories?post=9097"},{"taxonomy":"post_tag","embeddable":true,"href":"https:\/\/corrientesdetarde.com\/index.php\/wp-json\/wp\/v2\/tags?post=9097"}],"curies":[{"name":"wp","href":"https:\/\/api.w.org\/{rel}","templated":true}]}}