{"id":91113,"date":"2023-09-27T20:01:47","date_gmt":"2023-09-27T23:01:47","guid":{"rendered":"https:\/\/corrientesdetarde.com\/?p=91113"},"modified":"2023-09-27T20:01:59","modified_gmt":"2023-09-27T23:01:59","slug":"subio-la-pobreza-infantil-y-alcanza-al-56-de-los-chicos-menores-de-14-anos","status":"publish","type":"post","link":"https:\/\/corrientesdetarde.com\/index.php\/economia\/subio-la-pobreza-infantil-y-alcanza-al-56-de-los-chicos-menores-de-14-anos\/","title":{"rendered":"Subi\u00f3 la pobreza infantil y alcanza al 56% de los chicos menores de 14 a\u00f1os"},"content":{"rendered":"\n<p>La<strong>\u00a0infantilizaci\u00f3n de la pobreza<\/strong>\u00a0es un fen\u00f3meno social creciente en la Argentina. En el primer semestre del a\u00f1o, el\u00a0<strong>56,2% de los chicos menores de 14 a\u00f1os no pudieron cubrir sus necesidades b\u00e1sicas.\u00a0<\/strong>El n\u00famero est\u00e1 muy por encima del dato general que subi\u00f3<strong>\u00a0a 40,1%<\/strong>.<\/p>\n\n\n\n<p>En rigor, la cifra super\u00f3 el\u00a0<strong>50,9%<\/strong>\u00a0que mostraban las estad\u00edsticas oficiales un a\u00f1o atr\u00e1s y el\u00a0<strong>54,2%<\/strong>\u00a0del segundo semestre de 2022. En el caso de la\u00a0<strong>indigencia<\/strong>, los n\u00fameros tambi\u00e9n son alarmantes: en el primer semestre<strong>\u00a0alcanz\u00f3 al 13,6%\u00a0<\/strong>de los menores argentinos.<\/p>\n\n\n\n<p>La informaci\u00f3n la dio a conocer este mi\u00e9rcoles el Instituto Nacional de Estad\u00edstica y Censos (<strong>INDEC<\/strong>). Las cifrasgolpean de lleno en la<strong>&nbsp;campa\u00f1a electoral de Sergio Massa.&nbsp;<\/strong>Una vez m\u00e1s, el informe devela que los<strong>&nbsp;chicos, chicas y adolescentes<\/strong>&nbsp;conformanla porci\u00f3n de la sociedad con mayores \u00edndices cr\u00edticos.<\/p>\n\n\n\n<figure class=\"wp-block-image\"><img decoding=\"async\" src=\"https:\/\/tn.com.ar\/resizer\/Lzf-JxsmRUtqN3klgzgKyh90huk=\/767x0\/smart\/filters:format(webp)\/cloudfront-us-east-1.images.arcpublishing.com\/artear\/OVXYWL7XUFGLDMQQII6IT4C7H4.jpg\" alt=\"Seg\u00fan Unicef, dos de cada tres chicos son pobres. El 90% vive en hogares con al menos un padre con trabajo, con ingresos que no alcanzan para salir de la pobreza (Foto: Unicef-La Poderosa).\"\/><figcaption>Seg\u00fan Unicef, dos de cada tres chicos son pobres. El 90% vive en hogares con al menos un padre con trabajo, con ingresos que no alcanzan para salir de la pobreza (Foto: Unicef-La Poderosa).<\/figcaption><\/figure>\n\n\n\n<p>Por su parte, la proporci\u00f3n de chicos y chicas que<strong>&nbsp;no tienen cubierta la canasta alimentaria<\/strong>&nbsp;alcanz\u00f3 en la primera parte del a\u00f1o el<strong>&nbsp;13,6%<\/strong>. Esto representa un incremento de casi un punto porcentual respecto al mismo per\u00edodo de 2022 que lleg\u00f3 al&nbsp;<strong>12,7%.&nbsp;<\/strong>A<strong>&nbsp;fines del 2022<\/strong>&nbsp;el porcentaje fue del 12%.<\/p>\n\n\n\n<p>El nivel de pobreza que corresponde a la franja etaria de los\u00a0<strong>adolescentes de entre 12 y 17 a\u00f1os\u00a0<\/strong>es por dem\u00e1s preocupante: en el primer trimestre del 2023\u00a0<strong>el \u00edndice trep\u00f3 al 59%<\/strong>, mientras que\u00a0<strong>la indigencia alcanz\u00f3 el 16%.<\/strong><\/p>\n\n\n\n<p>\u201cLa situaci\u00f3n actual muestra razones de preocupaci\u00f3n. M\u00e1s de la mitad de las ni\u00f1as y ni\u00f1os del pa\u00eds se encuentran en situaci\u00f3n de pobreza. Un 13% viven en&nbsp;<strong>situaci\u00f3n de pobreza extrema:&nbsp;<\/strong>en sus hogares los ingresos no alcanzan siquiera para acceder a los alimentos b\u00e1sicos para sobrevivir\u201d, indica el \u00faltimo informe de pobreza infantil de UNICEF.<\/p>\n\n\n\n<p>\u201cCuando tomamos en cuenta otras dimensiones m\u00e1s all\u00e1 de los ingresos, se observa que&nbsp;<strong>7 de cada 10&nbsp;<\/strong>ni\u00f1as y ni\u00f1os son pobres (sea por ingresos o sea por estar privados en el ejercicio de al menos un derecho) y<strong>&nbsp;3 de cada 10<\/strong>&nbsp;son pobres en ambas dimensiones a la vez. Este es el n\u00facleo m\u00e1s preocupante de la pobreza\u201d, indica el documento.<\/p>\n\n\n\n<p>En l\u00ednea con el dato global de pobreza, los&nbsp;<strong>grupos de 15 a 29 a\u00f1os<\/strong>&nbsp;y de&nbsp;<strong>30 a 64 a\u00f1os<\/strong>&nbsp;representan el 46,8% y el 35,4%, respectivamente, lo que muestra una aceleraci\u00f3n de 3,5 y 3,4 puntos porcentuales respecto del per\u00edodo enero-junio 2022.<\/p>\n\n\n\n<p>Las mayores incidencias de la pobreza en personas se observaron en las regiones&nbsp;<strong>Noreste<\/strong>&nbsp;(NEA) con el 42,0% y&nbsp;<strong>Gran Buenos Aires<\/strong>&nbsp;con el 41,4%. Las menores, por su parte, se registraron en las regiones&nbsp;<strong>Patagonia<\/strong>&nbsp;con el 33,2%; y&nbsp;<strong>Pampeana<\/strong>&nbsp;con el 36,8%.<\/p>\n","protected":false},"excerpt":{"rendered":"<p>La\u00a0infantilizaci\u00f3n de la pobreza\u00a0es un fen\u00f3meno social creciente en la Argentina. En el primer semestre del a\u00f1o, el\u00a056,2% de los chicos menores de 14 a\u00f1os no pudieron cubrir sus necesidades&hellip; <\/p>\n","protected":false},"author":12,"featured_media":91122,"comment_status":"closed","ping_status":"open","sticky":false,"template":"","format":"standard","meta":{"footnotes":""},"categories":[20],"tags":[],"class_list":["post-91113","post","type-post","status-publish","format-standard","has-post-thumbnail","hentry","category-economia"],"_links":{"self":[{"href":"https:\/\/corrientesdetarde.com\/index.php\/wp-json\/wp\/v2\/posts\/91113","targetHints":{"allow":["GET"]}}],"collection":[{"href":"https:\/\/corrientesdetarde.com\/index.php\/wp-json\/wp\/v2\/posts"}],"about":[{"href":"https:\/\/corrientesdetarde.com\/index.php\/wp-json\/wp\/v2\/types\/post"}],"author":[{"embeddable":true,"href":"https:\/\/corrientesdetarde.com\/index.php\/wp-json\/wp\/v2\/users\/12"}],"replies":[{"embeddable":true,"href":"https:\/\/corrientesdetarde.com\/index.php\/wp-json\/wp\/v2\/comments?post=91113"}],"version-history":[{"count":1,"href":"https:\/\/corrientesdetarde.com\/index.php\/wp-json\/wp\/v2\/posts\/91113\/revisions"}],"predecessor-version":[{"id":91123,"href":"https:\/\/corrientesdetarde.com\/index.php\/wp-json\/wp\/v2\/posts\/91113\/revisions\/91123"}],"wp:featuredmedia":[{"embeddable":true,"href":"https:\/\/corrientesdetarde.com\/index.php\/wp-json\/wp\/v2\/media\/91122"}],"wp:attachment":[{"href":"https:\/\/corrientesdetarde.com\/index.php\/wp-json\/wp\/v2\/media?parent=91113"}],"wp:term":[{"taxonomy":"category","embeddable":true,"href":"https:\/\/corrientesdetarde.com\/index.php\/wp-json\/wp\/v2\/categories?post=91113"},{"taxonomy":"post_tag","embeddable":true,"href":"https:\/\/corrientesdetarde.com\/index.php\/wp-json\/wp\/v2\/tags?post=91113"}],"curies":[{"name":"wp","href":"https:\/\/api.w.org\/{rel}","templated":true}]}}