{"id":91124,"date":"2023-09-27T20:21:15","date_gmt":"2023-09-27T23:21:15","guid":{"rendered":"https:\/\/corrientesdetarde.com\/?p=91124"},"modified":"2023-09-27T20:21:26","modified_gmt":"2023-09-27T23:21:26","slug":"el-gobierno-dara-marcha-atras-con-la-medida-que-perjudicaba-a-mercado-pago-2","status":"publish","type":"post","link":"https:\/\/corrientesdetarde.com\/index.php\/economia\/el-gobierno-dara-marcha-atras-con-la-medida-que-perjudicaba-a-mercado-pago-2\/","title":{"rendered":"El Gobierno dar\u00e1 marcha atr\u00e1s con la medida que perjudicaba a Mercado Pago"},"content":{"rendered":"\n<p>Tras las quejas de<strong>Mercado Pago por la normativa que anulaba el Debin\u00a0<\/strong>(d\u00e9bito inmediato) como herramienta de fondeo para las billeteras virtuales, el\u00a0<strong>Banco Central\u00a0<\/strong>(BCRA)\u00a0<strong>dar\u00e1 marcha atr\u00e1s en su decisi\u00f3n<\/strong>. As\u00ed lo inform\u00f3 el ministro de Econom\u00eda,\u00a0<strong>Sergio Massa<\/strong>, a trav\u00e9s de un video publicado en sus redes sociales.<\/p>\n\n\n\n<p>\u201cHoy se conoci\u00f3 una decisi\u00f3n que afectaba a los usuarios de billeteras electr\u00f3nicas o virtuales. Quiero informarles que<strong>\u00a0ped\u00ed la derogaci\u00f3n de esa norma<\/strong>. Tambi\u00e9n\u00a0<strong>solicit\u00e9 a las billeteras virtuales que bajen la comisi\u00f3n\u00a0<\/strong>que cobran por retiro de dinero y a los comercios\u201d, escribi\u00f3 Massa. Y agreg\u00f3: \u201cQueremos que los monederos digitales y la moneda digital sean parte fundamental de la econom\u00eda que viene\u201d.<\/p>\n\n\n\n<p>Adem\u00e1s, anunci\u00f3 que, desde que quede sin efecto la norma, habr\u00e1 dos cambios:<\/p>\n\n\n\n<ul class=\"wp-block-list\"><li><strong>Bonificaci\u00f3n para cobros con QR de Mercado Pago.<\/strong>&nbsp;Se bonifica el arancel para cobrar con QR usando dinero en cuenta de Mercado Pago para los nuevos comercios que se incorporen al sistema, para ventas de hasta $330.000 (1000 UVAs) o los primeros tres meses, lo que ocurra primero.<\/li><li><strong>Reducci\u00f3n de comisiones para cobros con QR con tarjeta de cr\u00e9dito.<\/strong>&nbsp;Se reducen las comisiones que pagan los comercios PyME para cobros a trav\u00e9s de QR con tarjeta de cr\u00e9dito, pasando de 6,99% + IVA a 5,77% + IVA con acreditaci\u00f3n inmediata.<\/li><\/ul>\n\n\n\n<figure class=\"wp-block-image\"><img decoding=\"async\" src=\"https:\/\/tn.com.ar\/resizer\/boF26Cbpg8LDfHJ_DqXMGQfuyvA=\/767x0\/smart\/filters:format(webp)\/cloudfront-us-east-1.images.arcpublishing.com\/artear\/A5HRMSLTL5CAPATYB3W3K5QCIA.png\" alt=\"Pagos con c\u00f3digo QR. (Foto: AdobeStock)\"\/><figcaption>Pagos con c\u00f3digo QR. (Foto: AdobeStock)<\/figcaption><\/figure>\n\n\n\n<p>Desde el principio, Mercado Pago hab\u00eda manifestado su oposici\u00f3n a la resoluci\u00f3n del Banco Central, ya que consideraba que el sistema Debin era m\u00e1s eficiente que el de \u201cTransferencias inmediatas pull\u201d. En respuesta a las preocupaciones sobre c\u00f3mo afectar\u00eda esto a su empresa,&nbsp;<strong>Marcos Galper\u00edn&nbsp;<\/strong>coment\u00f3 en una publicaci\u00f3n en Twitter:&nbsp;<strong>\u201cNo lo rompieron, y no lo van a romper\u201d<\/strong>.<\/p>\n\n\n\n<p>Seg\u00fan\u00a0<strong>Mercado Pago<\/strong>,el brazo\u00a0<em>fintech\u00a0<\/em>de Mercado Libre y su servicio m\u00e1s redituable -tiene m\u00e1s de 45 millones de usuarios en la regi\u00f3n, procesa 271 operaciones por segundo y en el segundo trimestre gestion\u00f3 un volumen de pagos de US$42.000 millones-,\u00a0<strong>la nueva norma del BCRA \u201cfue impulsada por los bancos\u201d<\/strong>, que lograron que se reemplace una herramienta que funciona \u201cpor otra que tiene m\u00e1s fricciones para el usuario\u201d.<\/p>\n\n\n\n<p>Tras el retroceso, desde la&nbsp;<em>fintech&nbsp;<\/em>expresaron: \u201cPensamos que&nbsp;<strong>es positivo lo que expres\u00f3 el ministro Sergio Massa&nbsp;<\/strong>de revisar la normativa que afectaba a millones de personas para ingresar dinero en cuentas digitales,&nbsp;<strong>una medida que no ten\u00eda sentido&nbsp;<\/strong>porque no tra\u00eda ning\u00fan beneficio, y que, por lo tanto, era innecesaria dado que es un sistema eficiente y seguro\u201d.<\/p>\n\n\n\n<p>\u201cEste entendimiento&nbsp;<strong>evitar\u00eda que m\u00e1s de cuatro millones de usuarios se vean perjudicados<\/strong>&nbsp;y puedan continuar utilizando las billeteras digitales como siempre. Quedamos a la espera de la resoluci\u00f3n del Banco Central sobre este tema\u201d, dijo Jacobo Cohen Imach, vicepresidente de Asuntos Gubernamentales y Legales de Mercado Libre.<\/p>\n","protected":false},"excerpt":{"rendered":"<p>Tras las quejas deMercado Pago por la normativa que anulaba el Debin\u00a0(d\u00e9bito inmediato) como herramienta de fondeo para las billeteras virtuales, el\u00a0Banco Central\u00a0(BCRA)\u00a0dar\u00e1 marcha atr\u00e1s en su decisi\u00f3n. As\u00ed lo&hellip; <\/p>\n","protected":false},"author":12,"featured_media":91126,"comment_status":"closed","ping_status":"open","sticky":false,"template":"","format":"standard","meta":{"footnotes":""},"categories":[20],"tags":[],"class_list":["post-91124","post","type-post","status-publish","format-standard","has-post-thumbnail","hentry","category-economia"],"_links":{"self":[{"href":"https:\/\/corrientesdetarde.com\/index.php\/wp-json\/wp\/v2\/posts\/91124","targetHints":{"allow":["GET"]}}],"collection":[{"href":"https:\/\/corrientesdetarde.com\/index.php\/wp-json\/wp\/v2\/posts"}],"about":[{"href":"https:\/\/corrientesdetarde.com\/index.php\/wp-json\/wp\/v2\/types\/post"}],"author":[{"embeddable":true,"href":"https:\/\/corrientesdetarde.com\/index.php\/wp-json\/wp\/v2\/users\/12"}],"replies":[{"embeddable":true,"href":"https:\/\/corrientesdetarde.com\/index.php\/wp-json\/wp\/v2\/comments?post=91124"}],"version-history":[{"count":1,"href":"https:\/\/corrientesdetarde.com\/index.php\/wp-json\/wp\/v2\/posts\/91124\/revisions"}],"predecessor-version":[{"id":91127,"href":"https:\/\/corrientesdetarde.com\/index.php\/wp-json\/wp\/v2\/posts\/91124\/revisions\/91127"}],"wp:featuredmedia":[{"embeddable":true,"href":"https:\/\/corrientesdetarde.com\/index.php\/wp-json\/wp\/v2\/media\/91126"}],"wp:attachment":[{"href":"https:\/\/corrientesdetarde.com\/index.php\/wp-json\/wp\/v2\/media?parent=91124"}],"wp:term":[{"taxonomy":"category","embeddable":true,"href":"https:\/\/corrientesdetarde.com\/index.php\/wp-json\/wp\/v2\/categories?post=91124"},{"taxonomy":"post_tag","embeddable":true,"href":"https:\/\/corrientesdetarde.com\/index.php\/wp-json\/wp\/v2\/tags?post=91124"}],"curies":[{"name":"wp","href":"https:\/\/api.w.org\/{rel}","templated":true}]}}