{"id":91210,"date":"2023-09-28T08:26:22","date_gmt":"2023-09-28T11:26:22","guid":{"rendered":"https:\/\/corrientesdetarde.com\/?p=91210"},"modified":"2023-09-28T10:58:38","modified_gmt":"2023-09-28T13:58:38","slug":"corrientes-registro-menos-pobreza-e-indigencia-de-enero-a-junio-de-2023","status":"publish","type":"post","link":"https:\/\/corrientesdetarde.com\/index.php\/informacion-general\/corrientes-registro-menos-pobreza-e-indigencia-de-enero-a-junio-de-2023\/","title":{"rendered":"Corrientes registr\u00f3 menos pobreza e indigencia de enero a junio de 2023"},"content":{"rendered":"\n<p>Pese a ese dato alentador para la provincia de Corrientes, se ubica segunda en el ranking de pobreza en el NEA, superada por el Gran Resistencia que registr\u00f3 una tasa de 60,3% y en la indigencia lleg\u00f3 al 18,8%. (Ver infograf\u00eda adjunta).<\/p>\n\n\n\n<p>Claro est\u00e1 que las estad\u00edsticas dan cuenta de los relevamientos hechos en 31 conglomerados urbanos de todo el pa\u00eds hasta el 30 de junio. En estos n\u00fameros no est\u00e1 registrada la escalada inflacionaria de julio, agosto y setiembre que se est\u00e1 terminando, seguramente, por impacto de la suba a m\u00e1s de dos d\u00edgitos del \u00cdndice de Precios al Consumidor y la devaluaci\u00f3n de casi 20% del d\u00f3lar oficial que tuvo incidencia en la amplia variedad de cotizaci\u00f3n que tiene, en el pa\u00eds, la moneda norteamericana.<\/p>\n\n\n\n<p>Las mayores incidencias de la pobreza en personas se observaron en las regiones Noreste (NEA)con 42,0% y GBA con 41,4%. Las menores, por su parte, se registraron en las regiones Patagonia, 33,2% y Pampeana, 36,8% (cuadro 4.1).<\/p>\n\n\n\n<p>En los aglomerados de 500.000 y m\u00e1s habitantes se observ\u00f3 un aumento de la pobreza de 1.2 puntos porcentuales. En cambio, en los aglomerados de menos de 500.000, se observ\u00f3 una reducci\u00f3n de 0.9 puntos porcentuales con respecto al segundo semestre de 2022.<\/p>\n\n\n\n<p>El porcentaje de hogares por debajo de la l\u00ednea de pobreza (LP) alcanz\u00f3 el 29,6%. En ellos reside el 40,1% de las personas. Dentro de este conjunto se distingue un 6,8% de hogares por debajo de la l\u00ednea de indigencia (LI), que incluyen al 9,3% de las personas.<\/p>\n\n\n\n<p>Esto implica que, para el universo de los 31 aglomerados urbanos de la EPH, por debajo de la LP se encuentran 2.977.246 hogares, que incluyen a 11.769.747 personas y, dentro de ese conjunto, 686.076 hogares est\u00e1n por debajo de la LI, lo que representa 2.724.942 personas indigentes.<\/p>\n\n\n\n<figure class=\"wp-block-image\"><img decoding=\"async\" src=\"https:\/\/www.diarioepoca.com\/content\/bucket\/9\/1322129w380h372c.jpg.webp\" alt=\"\"\/><\/figure>\n\n\n\n<p>Seguramente, se har\u00e1 un an\u00e1lisis teniendo en cuenta los dos meses posteriores al impacto que tuvo la continua devaluaci\u00f3n del peso y la suba de precios de todos los bienes y servicios, adem\u00e1s de la incertidumbre que generan los pron\u00f3sticos electorales que plantean un escenario de tercios, entre los tres candidatos con m\u00e1s posibilidades, de cara al 22 de octubre en que se elegir\u00e1 Presidente hasta 2027.<\/p>\n\n\n\n<h2 class=\"wp-block-heading\">Las ciudades m\u00e1s pobres<\/h2>\n\n\n\n<p>El centro urbano con m\u00e1s pobreza e indigencia seg\u00fan el INDEC es el Gran Resistencia con 60,3% de pobreza y 14,5% de indigencia. All\u00ed viven 422.079 personas. Concordia, Entre R\u00edos registr\u00f3 58,3% de pobreza y 18,1% de indigencia sobre una poblaci\u00f3n de 164.313 personas. Gran San Luis: la medici\u00f3n del INDEC mostr\u00f3 47,3% de pobreza y 6,8% de indigencia en una poblaci\u00f3n de 246.085 personas. Partidos del Gran Buenos Aires: 47,0% de pobreza y 11,6% de indigencia, en una medici\u00f3n sobre 12.823.622 personas. Viedma &#8211; Carmen de Patagones: 43,7% de pobreza y 6,1% de indigencia, donde residen 85.387 personas.<\/p>\n\n\n\n<p>La Regi\u00f3n Noreste es la que tiene el mayor nivel de pobreza, con un 42% y tambi\u00e9n la que ostenta el mayor porcentaje de indigencia, 10,6%.<\/p>\n\n\n\n<p>Al Noreste le sigue la Regi\u00f3n Gran Buenos Aires (ciudad de Buenos Aires y partidos del Gran Buenos Aires), con un 41,4% de pobreza y un 10,4% de indigencia. La ciudad de Buenos Aires se present\u00f3 como la regi\u00f3n con menor pobreza (17,3%), seguida por Ushuaia (25,4%).<\/p>\n","protected":false},"excerpt":{"rendered":"<p>Pese a ese dato alentador para la provincia de Corrientes, se ubica segunda en el ranking de pobreza en el NEA, superada por el Gran Resistencia que registr\u00f3 una tasa&hellip; <\/p>\n","protected":false},"author":12,"featured_media":91215,"comment_status":"closed","ping_status":"open","sticky":false,"template":"","format":"standard","meta":{"footnotes":""},"categories":[1,17],"tags":[],"class_list":["post-91210","post","type-post","status-publish","format-standard","has-post-thumbnail","hentry","category-informacion-general","category-sociales"],"_links":{"self":[{"href":"https:\/\/corrientesdetarde.com\/index.php\/wp-json\/wp\/v2\/posts\/91210","targetHints":{"allow":["GET"]}}],"collection":[{"href":"https:\/\/corrientesdetarde.com\/index.php\/wp-json\/wp\/v2\/posts"}],"about":[{"href":"https:\/\/corrientesdetarde.com\/index.php\/wp-json\/wp\/v2\/types\/post"}],"author":[{"embeddable":true,"href":"https:\/\/corrientesdetarde.com\/index.php\/wp-json\/wp\/v2\/users\/12"}],"replies":[{"embeddable":true,"href":"https:\/\/corrientesdetarde.com\/index.php\/wp-json\/wp\/v2\/comments?post=91210"}],"version-history":[{"count":1,"href":"https:\/\/corrientesdetarde.com\/index.php\/wp-json\/wp\/v2\/posts\/91210\/revisions"}],"predecessor-version":[{"id":91216,"href":"https:\/\/corrientesdetarde.com\/index.php\/wp-json\/wp\/v2\/posts\/91210\/revisions\/91216"}],"wp:featuredmedia":[{"embeddable":true,"href":"https:\/\/corrientesdetarde.com\/index.php\/wp-json\/wp\/v2\/media\/91215"}],"wp:attachment":[{"href":"https:\/\/corrientesdetarde.com\/index.php\/wp-json\/wp\/v2\/media?parent=91210"}],"wp:term":[{"taxonomy":"category","embeddable":true,"href":"https:\/\/corrientesdetarde.com\/index.php\/wp-json\/wp\/v2\/categories?post=91210"},{"taxonomy":"post_tag","embeddable":true,"href":"https:\/\/corrientesdetarde.com\/index.php\/wp-json\/wp\/v2\/tags?post=91210"}],"curies":[{"name":"wp","href":"https:\/\/api.w.org\/{rel}","templated":true}]}}