{"id":91212,"date":"2023-09-28T08:24:09","date_gmt":"2023-09-28T11:24:09","guid":{"rendered":"https:\/\/corrientesdetarde.com\/?p=91212"},"modified":"2023-09-28T08:24:21","modified_gmt":"2023-09-28T11:24:21","slug":"el-barrio-antartida-argentina-centro-de-robos","status":"publish","type":"post","link":"https:\/\/corrientesdetarde.com\/index.php\/policiales\/el-barrio-antartida-argentina-centro-de-robos\/","title":{"rendered":"El barrio Ant\u00e1rtida Argentina, centro de robos."},"content":{"rendered":"\n<p>El barrio Ant\u00e1rtida Argentina, ubicado detr\u00e1s del hospital Llano de la capital correntina, se volvi\u00f3 noticia en los \u00faltimos meses por un brutal ataque de un malviviente que ingres\u00f3 a una vivienda en la que solo se hallaba un ni\u00f1o de 11 a\u00f1os, al que golpe\u00f3 con un destornillador para poder robar varias cosas y luego escapar. Casi en la misma manzana, y en los \u00faltimos d\u00edas, sucedieron un mont\u00f3n de ataque de motochorros y arrebatadores a moradores del lugar y, al parecer, se tratar\u00edan siempre de los mismos bandidos. Los vecinos exigen mayor presencia en la zona, a pesar que la comisar\u00eda se encuentra a solo 200 metros de donde suceden los ataques.<\/p>\n\n\n\n<p>Tras el hecho que sufriera Dylan, un nene de 11 a\u00f1os con retraso madurativo, quien fue atacado por un delincuente en su propia casa, la ma\u00f1ana del 31 de agosto a plena luz del d\u00eda, los casos de inseguridad comenzaron a visualizarse y hasta incluso se incrementaron seg\u00fan indicaron algunos vecinos.<\/p>\n\n\n\n<figure class=\"wp-block-image\"><img decoding=\"async\" src=\"https:\/\/www.diarioepoca.com\/content\/bucket\/7\/1322167w380h416c.jpg.webp\" alt=\"\"\/><figcaption>LADR\u00d3N MARC\u00d3 Y PERSIGUE A SU V\u00cdCTIMA.<\/figcaption><\/figure>\n\n\n\n<p>La mayor\u00eda de los casos ocurren por calle Saavedra casi Belgrano y en su gran mayor\u00eda quedan registrados por las c\u00e1maras de seguridad de los vecinos, a las que tuvo acceso \u00e9poca. Uno de ellos fue el ataque que sufrieron un par de hombres que llegaban a su casa y un motochorro intercept\u00f3 a uno de ellos, mayor de edad, y con una habilidad inusitada le sustrajo del bolsillo de la camisa celular, para luego darse velozmente a la fuga. El delincuente lleg\u00f3 a bordo de una motocicleta de 150 cc., con casco y de contramano, pero nunca llam\u00f3 la atenci\u00f3n de sus v\u00edctimas, hasta que ya fue demasiado tarde. El ataque ocurri\u00f3 cerca del mediod\u00eda.<\/p>\n\n\n\n<figure class=\"wp-block-image\"><img decoding=\"async\" src=\"https:\/\/www.diarioepoca.com\/content\/bucket\/8\/1322168w380h411c.jpg.webp\" alt=\"\"\/><figcaption>ALCANZA A SU V\u00cdCTIMA, LE ROBA Y HUYE.<\/figcaption><\/figure>\n\n\n\n<p>Otro hecho lo sufri\u00f3 un estudiante que circulaba en una bicicleta tipo playera; tambi\u00e9n a plena luz del d\u00eda. Un delincuente en moto lo persigui\u00f3 varios metros y en un descuido le arrebat\u00f3 la mochila con sus pertenencias, que llevaba colgada en el manubrio y que por poco le provoca una ca\u00edda en el asfalto. El mismo delincuente ya habr\u00eda sido reconocido en otros hechos ocurrido en las inmediaciones, pero siempre dentro del mismo barrio.<\/p>\n\n\n\n<p>En otro hecho, que qued\u00f3 registrado por las c\u00e1maras de videovigilancia del barrio se puede apreciar c\u00f3mo un bandido de a pi\u00e9 ingresa en una vivienda y se roba una motoguada\u00f1a, para luego escapar r\u00e1pidamente ante la sorpresa del due\u00f1o de la finca que sale segundos m\u00e1s tarde, solo para lamentarse por el robo ocurrido.<\/p>\n\n\n\n<p>&#8220;Hechos como estos no son nuevos, ocurren todos los d\u00edas, solo que ahora pareciera que lo hacen con m\u00e1s violencia y de forma m\u00e1s reiterada&#8221;, indican los vecinos del lugar. Tras el ataque a Dylan se vio m\u00e1s movimiento policial en el zona, pero como siempre pasa en estos casos, est\u00e1n unos d\u00edas despu\u00e9s ya no vuelven con tanta frecuencia; mientras tanto nosotros vivimos aterrados y encerrados&#8221;, manifiestaron vecinos, quienes piden se tome cartas en el asunto de forma m\u00e1s efectiva.<\/p>\n","protected":false},"excerpt":{"rendered":"<p>El barrio Ant\u00e1rtida Argentina, ubicado detr\u00e1s del hospital Llano de la capital correntina, se volvi\u00f3 noticia en los \u00faltimos meses por un brutal ataque de un malviviente que ingres\u00f3 a&hellip; <\/p>\n","protected":false},"author":12,"featured_media":91213,"comment_status":"closed","ping_status":"open","sticky":false,"template":"","format":"standard","meta":{"footnotes":""},"categories":[33],"tags":[],"class_list":["post-91212","post","type-post","status-publish","format-standard","has-post-thumbnail","hentry","category-policiales"],"_links":{"self":[{"href":"https:\/\/corrientesdetarde.com\/index.php\/wp-json\/wp\/v2\/posts\/91212","targetHints":{"allow":["GET"]}}],"collection":[{"href":"https:\/\/corrientesdetarde.com\/index.php\/wp-json\/wp\/v2\/posts"}],"about":[{"href":"https:\/\/corrientesdetarde.com\/index.php\/wp-json\/wp\/v2\/types\/post"}],"author":[{"embeddable":true,"href":"https:\/\/corrientesdetarde.com\/index.php\/wp-json\/wp\/v2\/users\/12"}],"replies":[{"embeddable":true,"href":"https:\/\/corrientesdetarde.com\/index.php\/wp-json\/wp\/v2\/comments?post=91212"}],"version-history":[{"count":1,"href":"https:\/\/corrientesdetarde.com\/index.php\/wp-json\/wp\/v2\/posts\/91212\/revisions"}],"predecessor-version":[{"id":91214,"href":"https:\/\/corrientesdetarde.com\/index.php\/wp-json\/wp\/v2\/posts\/91212\/revisions\/91214"}],"wp:featuredmedia":[{"embeddable":true,"href":"https:\/\/corrientesdetarde.com\/index.php\/wp-json\/wp\/v2\/media\/91213"}],"wp:attachment":[{"href":"https:\/\/corrientesdetarde.com\/index.php\/wp-json\/wp\/v2\/media?parent=91212"}],"wp:term":[{"taxonomy":"category","embeddable":true,"href":"https:\/\/corrientesdetarde.com\/index.php\/wp-json\/wp\/v2\/categories?post=91212"},{"taxonomy":"post_tag","embeddable":true,"href":"https:\/\/corrientesdetarde.com\/index.php\/wp-json\/wp\/v2\/tags?post=91212"}],"curies":[{"name":"wp","href":"https:\/\/api.w.org\/{rel}","templated":true}]}}