{"id":91228,"date":"2023-09-28T08:50:47","date_gmt":"2023-09-28T11:50:47","guid":{"rendered":"https:\/\/corrientesdetarde.com\/?p=91228"},"modified":"2023-09-28T08:50:59","modified_gmt":"2023-09-28T11:50:59","slug":"pitty-la-numerologa-le-respondio-a-andrea-rincon-todo-el-medio-me-decia-cuidate-porque-esta-piba","status":"publish","type":"post","link":"https:\/\/corrientesdetarde.com\/index.php\/espectaculos\/pitty-la-numerologa-le-respondio-a-andrea-rincon-todo-el-medio-me-decia-cuidate-porque-esta-piba\/","title":{"rendered":"Pitty la numer\u00f3loga le respondi\u00f3 a Andrea Rinc\u00f3n: \u201cTodo el medio me dec\u00eda \u2018cuidate porque esta piba\u2019\u201d"},"content":{"rendered":"\n<p>La numer\u00f3loga <strong>Ver\u00f3nica Laura Asad<\/strong>, m\u00e1s conocida como \u201cPitty\u201d,le respondi\u00f3 a\u00a0<strong>Andrea Rinc\u00f3n<\/strong>\u00a0despu\u00e9s de que la actriz la acusara de estafadora. Tras aclarar que eran vecinas, que la atendi\u00f3 varias veces y que no le cobr\u00f3,\u00a0<strong>dio detalles de las consultas.<\/strong><\/p>\n\n\n\n<p>Este mi\u00e9rcoles, invitada a\u00a0<em>LAM\u00a0<\/em>(<em>Am\u00e9rica<\/em>) Pitty cont\u00f3: \u201cNunca le cobr\u00e9 un peso a Andrea. Jam\u00e1s. Ella viv\u00eda en el octavo, creo que vive todav\u00eda, y yo atend\u00eda en el sexto, en Cervi\u00f1o.\u00a0<strong>Ella se cortaba toda, ven\u00eda, me tocaba el timbre y yo&#8230; Me impresionaba mucho\u201d.<\/strong><\/p>\n\n\n\n<figure class=\"wp-block-image\"><img decoding=\"async\" src=\"https:\/\/tn.com.ar\/resizer\/dEGi5ZEauViv7_SBbWiBcAJTc2c=\/767x0\/smart\/filters:format(webp)\/thumbs.vodgc.net\/1-398-46d4a5e720ac4568960063a908705a82-FWymDh1695861287419-1695862816.jpg\" alt=\"Video Placeholder\"\/><\/figure>\n\n\n\n<p>Tras aclarar que eran vecinas, que la atendi\u00f3 varias veces y que no le cobr\u00f3, dio detalles de las consultas. (Foto: Instagram @pitty_la_numerologa_)<\/p>\n\n\n\n<p>Nazarena V\u00e9lez la interrumpi\u00f3 para aconsejarle que no contara tremendos detalles, pero la numer\u00f3loga sigui\u00f3. Sobre las consultas, record\u00f3: \u201cUn mont\u00f3n de veces comimos juntas. La contuve,&nbsp;<strong>ella estaba desesperada por entrar a una familia.&nbsp;<\/strong>Dec\u00eda \u2018tengo que buscar una estrategia\u2019. Yo no voy a entrar en eso que ella hizo, pero nunca le cobr\u00e9 un peso\u201d.<\/p>\n\n\n\n<p>Acto seguido se dio cuenta que la artista ten\u00eda \u201calgunos problemas\u201d: \u201cEn ese momento\u00a0<strong>todo el medio me dec\u00eda \u2018cuidate porque esta piba\u2019.<\/strong>\u00a0Y yo dec\u00eda \u2018atiendo a todos\u2019\u201d.<\/p>\n\n\n\n<p>Maite Pe\u00f1o\u00f1ori sali\u00f3 al cruce de la numer\u00f3loga: \u201cPerdoname, pero me parece que hay una irresponsabilidad de tu parte porque si vos ve\u00edas que ella tiene ansiedad, un tema psiqui\u00e1trico o que se cortaba&#8230; No quiero faltar el respeto a todos tus estudios, pero ah\u00ed es para decirle \u2018And\u00e1 a un psic\u00f3logo o psiquiatra, yo no estoy en condiciones de ayudarte\u2019\u201d.<\/p>\n\n\n\n<figure class=\"wp-block-image\"><img decoding=\"async\" src=\"https:\/\/tn.com.ar\/resizer\/vtE5vLnEX7V-eP_TEImWR43H2BE=\/767x0\/smart\/filters:format(webp)\/cloudfront-us-east-1.images.arcpublishing.com\/artear\/Z3PYUNIB4FC67PMY67DG75GALQ.jpg\" alt=\"La numer\u00f3loga fue contratada por la gerenta general para trabajar en el Banco Naci\u00f3n. (Foto: Instagram @pitty_la_numerologa_)\"\/><figcaption>La numer\u00f3loga fue contratada por la gerenta general para trabajar en el Banco Naci\u00f3n. (Foto: Instagram @pitty_la_numerologa_)<\/figcaption><\/figure>\n\n\n\n<p>La numer\u00f3loga coincidi\u00f3 con la panelista, pero aclar\u00f3 que ella era vecina de Andrea y que, si bien la atendi\u00f3 dos veces, la escuch\u00f3 millones. \u201c<strong>Nunca me pag\u00f3 un peso. Yo tuve la mejor con ella siempre<\/strong>, la escuch\u00e9 y me encant\u00f3 conocerla. Andrea ten\u00eda un mont\u00f3n de problemas\u201d, insisti\u00f3.<\/p>\n\n\n\n<p>Tras negar rotundamente haber hablado de la actriz mientras ella estaba internada, se\u00f1al\u00f3: \u201cExisten los archivos\u201d. Y relat\u00f3 c\u00f3mo ocurrieron los hechos: \u201cYo ten\u00eda que hacer un viaje y me olvid\u00e9 una valija en la oficina. Cuando volv\u00ed a buscarla, me encontr\u00e9 con el encargado que me dijo que Andrea estaba en el hospital de enfrente. Fui, estaban todos los medios en la puerta, me pusieron el micr\u00f3fono y&nbsp;<strong>lo \u00fanico que dije fue \u2018ay\u00fadenla porque ella es una buena persona\u2019. Est\u00e1 grabado\u201d.<\/strong><\/p>\n\n\n\n<p>A modo de cierre se\u00f1al\u00f3 que le env\u00edo mensajes haci\u00e9ndole llegar su apoyo, pero la actriz jam\u00e1s le respondi\u00f3. \u201cHace dos meses la encontr\u00e9 en la esquina de mi casa y me salud\u00f3\u201d, asegur\u00f3. \u201cElla la trajo a<strong>\u00a0Julieta Ortega\u00a0<\/strong>muy amable y le cobr\u00e9.\u00a0<strong>Para m\u00ed Andrea se enoj\u00f3 porque le cobr\u00e9 a Julieta<\/strong>. Pero ella fue muy amable y respetuosa\u201d, concluy\u00f3.<\/p>\n\n\n\n<h2 class=\"wp-block-heading\">Qu\u00e9 dijo Andrea Rinc\u00f3n sobre \u201cPitty, la numer\u00f3loga\u201d<\/h2>\n\n\n\n<p>Pitty revel\u00f3 que fue&nbsp;<strong>contratada por el Banco Naci\u00f3n<\/strong>&nbsp;para brindar sus servicios. En medio del esc\u00e1ndalo por sus declaraciones,&nbsp;<strong>Andrea Rinc\u00f3n<\/strong>&nbsp;dijo que&nbsp;<strong>\u201ces una verg\u00fcenza\u201d<\/strong>&nbsp;y cont\u00f3&nbsp;<strong>c\u00f3mo fue su mala experiencia con ella<\/strong>.<\/p>\n\n\n\n<p>Este mi\u00e9rcoles, en el programa&nbsp;<em>Qui\u00e9n paga la fiesta (Rock&amp;Pop)<\/em>, la actriz relat\u00f3 que acept\u00f3 ir a una sesi\u00f3n porque la vidente asegur\u00f3 que pod\u00eda resolver sus problemas. \u201c<strong>Despu\u00e9s termin\u00e9 internada porque nada de lo que me dijo me ayud\u00f3<\/strong>. Fui porque estaba muy desorientada con mi vida,&nbsp;<strong>no me orient\u00f3 un caraj&#8230;<\/strong>\u201d, lanz\u00f3 contundente al aire.<\/p>\n\n\n\n<p><\/p>\n\n\n\n<p>Mientras contaba su experiencia en el ciclo del cual forma parte, Andrea se\u00f1al\u00f3 que en aquel entonces permaneci\u00f3 unos d\u00edas en el&nbsp;<strong>Hospital Fern\u00e1ndez<\/strong>&nbsp;y que Pitty fue a la puerta del lugar para hablar con la prensa.&nbsp;<strong>\u201cLes cont\u00f3 intimidades m\u00edas a los medios, invent\u00f3 cosas. Rompi\u00f3 la confidencialidad y no les pregunt\u00f3 a los m\u00e9dicos c\u00f3mo estaba yo\u201d<\/strong>, expres\u00f3 furiosa.<\/p>\n\n\n\n<figure class=\"wp-block-image\"><img decoding=\"async\" src=\"https:\/\/tn.com.ar\/resizer\/1nsMT1tmzIr8Lo6ML-myWmQ70Zw=\/767x0\/smart\/filters:format(webp)\/cloudfront-us-east-1.images.arcpublishing.com\/artear\/ZUE2G63BKFBLLFGQD4QZISVV2I.jpg\" alt=\"Andrea Rinc\u00f3n habl\u00f3 sin filtros sobre la terrible experiencia que tuvo con &quot;Pitty&quot;, la numer\u00f3loga. (Foto: Instagram\/pitty_la_numerologa_ - andrearincon_top)\"\/><figcaption>Andrea Rinc\u00f3n habl\u00f3 sin filtros sobre la terrible experiencia que tuvo con &#8220;Pitty&#8221;, la numer\u00f3loga. (Foto: Instagram\/pitty_la_numerologa_ &#8211; andrearincon_top)<\/figcaption><\/figure>\n\n\n\n<p>Sobre la sesi\u00f3n con la numer\u00f3loga, Rinc\u00f3n detall\u00f3:<strong>&nbsp;\u201cMe dio una vela color fl\u00fao rosa con forma de estrella\u201d<\/strong>. Adem\u00e1s, asegur\u00f3 que no le explic\u00f3 nada sobre n\u00fameros, y que solo le consult\u00f3 su fecha de nacimiento. \u201cA m\u00ed no me hizo eso, no me dijo absolutamente nada\u201d, acot\u00f3 la actriz e incluso revel\u00f3 que&nbsp;<strong>se la recomend\u00f3 a su amiga Julieta Ortega<\/strong>.<\/p>\n\n\n\n<p>\u201c\u00bfC\u00f3mo se le llama a una persona que,<strong>&nbsp;bajo a la desesperaci\u00f3n de alguien, viene y te saca dinero<\/strong>? Se hace la que tiene un poder que no tiene. A m\u00ed no me dijo ni una cosa certera\u201d, continu\u00f3 Andrea con total indignaci\u00f3n por la actitud de Pitty.&nbsp;<strong>\u201cEs una estafa\u201d<\/strong>, acot\u00f3 Mart\u00edn Ciccioli. \u201c\u00a1Exactamente!&nbsp;<strong>Esta mujer vive y se abusa de la necesidad de la gente<\/strong>\u201d, agreg\u00f3 la figura.<\/p>\n","protected":false},"excerpt":{"rendered":"<p>La numer\u00f3loga Ver\u00f3nica Laura Asad, m\u00e1s conocida como \u201cPitty\u201d,le respondi\u00f3 a\u00a0Andrea Rinc\u00f3n\u00a0despu\u00e9s de que la actriz la acusara de estafadora. Tras aclarar que eran vecinas, que la atendi\u00f3 varias veces&hellip; <\/p>\n","protected":false},"author":12,"featured_media":91229,"comment_status":"closed","ping_status":"open","sticky":false,"template":"","format":"standard","meta":{"footnotes":""},"categories":[19],"tags":[],"class_list":["post-91228","post","type-post","status-publish","format-standard","has-post-thumbnail","hentry","category-espectaculos"],"_links":{"self":[{"href":"https:\/\/corrientesdetarde.com\/index.php\/wp-json\/wp\/v2\/posts\/91228","targetHints":{"allow":["GET"]}}],"collection":[{"href":"https:\/\/corrientesdetarde.com\/index.php\/wp-json\/wp\/v2\/posts"}],"about":[{"href":"https:\/\/corrientesdetarde.com\/index.php\/wp-json\/wp\/v2\/types\/post"}],"author":[{"embeddable":true,"href":"https:\/\/corrientesdetarde.com\/index.php\/wp-json\/wp\/v2\/users\/12"}],"replies":[{"embeddable":true,"href":"https:\/\/corrientesdetarde.com\/index.php\/wp-json\/wp\/v2\/comments?post=91228"}],"version-history":[{"count":1,"href":"https:\/\/corrientesdetarde.com\/index.php\/wp-json\/wp\/v2\/posts\/91228\/revisions"}],"predecessor-version":[{"id":91230,"href":"https:\/\/corrientesdetarde.com\/index.php\/wp-json\/wp\/v2\/posts\/91228\/revisions\/91230"}],"wp:featuredmedia":[{"embeddable":true,"href":"https:\/\/corrientesdetarde.com\/index.php\/wp-json\/wp\/v2\/media\/91229"}],"wp:attachment":[{"href":"https:\/\/corrientesdetarde.com\/index.php\/wp-json\/wp\/v2\/media?parent=91228"}],"wp:term":[{"taxonomy":"category","embeddable":true,"href":"https:\/\/corrientesdetarde.com\/index.php\/wp-json\/wp\/v2\/categories?post=91228"},{"taxonomy":"post_tag","embeddable":true,"href":"https:\/\/corrientesdetarde.com\/index.php\/wp-json\/wp\/v2\/tags?post=91228"}],"curies":[{"name":"wp","href":"https:\/\/api.w.org\/{rel}","templated":true}]}}