{"id":91237,"date":"2023-09-28T09:04:06","date_gmt":"2023-09-28T12:04:06","guid":{"rendered":"https:\/\/corrientesdetarde.com\/?p=91237"},"modified":"2023-09-28T09:04:08","modified_gmt":"2023-09-28T12:04:08","slug":"se-tocaba-y-me-miraba-condenaron-a-un-colectivero-por-acosar-a-una-mujer-en-la-calle","status":"publish","type":"post","link":"https:\/\/corrientesdetarde.com\/index.php\/policiales\/se-tocaba-y-me-miraba-condenaron-a-un-colectivero-por-acosar-a-una-mujer-en-la-calle\/","title":{"rendered":"\u201cSe tocaba y me miraba\u201d: condenaron a un colectivero por acosar a una mujer en la calle"},"content":{"rendered":"\n<p>En un&nbsp;<strong>fallo sin precedentes<\/strong>&nbsp;en el \u00e1rea de doctrinas y jurisprudencia de choferes del \u00e1mbito judicial porte\u00f1o, condenaron a un colectivero por&nbsp;<strong>acosar, hostigar e intimidar&nbsp;<\/strong>a una mujer en el barrio porte\u00f1o de La Boca.<\/p>\n\n\n\n<p>Todo comenz\u00f3 en enero de 2020, cuando la denunciante pasaba por la estaci\u00f3n terminal y all\u00ed choferes de la l\u00ednea 64 la molestaban, la miraban de manera intimidante, le dec\u00edan comentarios denigrantes sobre su cuerpo, a veces la insultaban y hasta\u00a0<strong>uno de ellos se toc\u00f3 sus partes \u00edntimas<\/strong>\u00a0mientras la observaba.<\/p>\n\n\n\n<p>Ante esta situaci\u00f3n, la v\u00edctima decidi\u00f3 hacer&nbsp;<strong>cambios en su rutina&nbsp;<\/strong>y empez\u00f3 a tomar otro colectivo para no tener que pasar por ese lugar,&nbsp;<strong>pero el acoso segu\u00eda<\/strong>&nbsp;y dos a\u00f1os despu\u00e9s decidi\u00f3 recurrir a la Justicia y radic\u00f3 una denuncia por acoso sexual callejero, hostigamiento e intimidaci\u00f3n.<\/p>\n\n\n\n<p>La investigaci\u00f3n qued\u00f3 a cargo de la fiscal Carolina Zanni, de la Fiscal\u00eda especializada en g\u00e9nero del Fuero Penal, Contravencional y de Faltas N\u00b032, quien despu\u00e9s de&nbsp;<strong>identificar a los dos choferes<\/strong>&nbsp;que molestaban sistem\u00e1ticamente a la mujer, los imput\u00f3 y los llev\u00f3 a juicio.<\/p>\n\n\n\n<p>La condena que recibi\u00f3 uno de ellos permiti\u00f3 que se trate de un fallo sin precedentes en el<strong>&nbsp;\u00e1rea de doctrinas y jurisprudencia<\/strong>&nbsp;de choferes del \u00e1mbito judicial porte\u00f1o.<\/p>\n\n\n\n<figure class=\"wp-block-image\"><img decoding=\"async\" src=\"https:\/\/tn.com.ar\/resizer\/q4x2ApT4Wq93Vk6oica5VhLPohc=\/767x0\/smart\/filters:format(webp)\/cloudfront-us-east-1.images.arcpublishing.com\/artear\/IBOCJB22GZGN3N4TMCIQZS6LAE.JPG\" alt=\"Tras el juicio a cargo del Juzgado PCyF N\u00b017, el colectivero fue condenado. (Foto: Ministerio P\u00fablico Fiscal porte\u00f1o).\"\/><figcaption>Tras el juicio a cargo del Juzgado PCyF N\u00b017, el colectivero fue condenado. (Foto: Ministerio P\u00fablico Fiscal porte\u00f1o).<\/figcaption><\/figure>\n\n\n\n<h2 class=\"wp-block-heading\">Un fallo sin precedentes<\/h2>\n\n\n\n<p>Uno de los colectiveros recibi\u00f3<strong>&nbsp;cuatro d\u00edas de prisi\u00f3n<\/strong>&nbsp;en suspenso y la jueza Natalia Ohman, titular del Juzgado PCyF N\u00b017, le impuso una&nbsp;<strong>prohibici\u00f3n de acercamiento a la v\u00edctima y pautas de conducta<\/strong>&nbsp;de cumplimiento obligatorio entre las que se destacan asistir a un taller especializado en la problem\u00e1tica de la violencia de g\u00e9nero.<\/p>\n\n\n\n<p>La jueza y la fiscal consideraron que el chofer es culpable por la&nbsp;<strong>figura del acoso sexual<\/strong>&nbsp;despu\u00e9s de escuchar los testimonios de la v\u00edctima, su mam\u00e1, una amiga y las dos psic\u00f3logas que la asistieron y le brindaron contenci\u00f3n durante el proceso.<\/p>\n\n\n\n<p>\u201cNo quedan dudas que&nbsp;<strong>hubo intimidaci\u00f3n y hostigamiento<\/strong>, pero el acoso callejero se configura por el especial componente sexual con que dotaba sus interacciones, que como se dijo anteriormente no necesariamente debe ser verbal, sino que&nbsp;<strong>con la expresividad de los gestos ya alcanza<\/strong>&nbsp;para su configuraci\u00f3n\u201d, se destaca en el fallo.<\/p>\n\n\n\n<p>\u201cPor ello, considero que el imputado es autor de la contravenci\u00f3n acoso sexual callejero agravada por ser&nbsp;<strong>basado en la desigualdad de g\u00e9nero<\/strong>, en los t\u00e9rminos del art. 70, inciso 3 del C\u00f3digo Contravencional\u201d, expres\u00f3 la magistrada.<\/p>\n","protected":false},"excerpt":{"rendered":"<p>En un&nbsp;fallo sin precedentes&nbsp;en el \u00e1rea de doctrinas y jurisprudencia de choferes del \u00e1mbito judicial porte\u00f1o, condenaron a un colectivero por&nbsp;acosar, hostigar e intimidar&nbsp;a una mujer en el barrio porte\u00f1o&hellip; <\/p>\n","protected":false},"author":12,"featured_media":91238,"comment_status":"closed","ping_status":"open","sticky":false,"template":"","format":"standard","meta":{"footnotes":""},"categories":[33],"tags":[],"class_list":["post-91237","post","type-post","status-publish","format-standard","has-post-thumbnail","hentry","category-policiales"],"_links":{"self":[{"href":"https:\/\/corrientesdetarde.com\/index.php\/wp-json\/wp\/v2\/posts\/91237","targetHints":{"allow":["GET"]}}],"collection":[{"href":"https:\/\/corrientesdetarde.com\/index.php\/wp-json\/wp\/v2\/posts"}],"about":[{"href":"https:\/\/corrientesdetarde.com\/index.php\/wp-json\/wp\/v2\/types\/post"}],"author":[{"embeddable":true,"href":"https:\/\/corrientesdetarde.com\/index.php\/wp-json\/wp\/v2\/users\/12"}],"replies":[{"embeddable":true,"href":"https:\/\/corrientesdetarde.com\/index.php\/wp-json\/wp\/v2\/comments?post=91237"}],"version-history":[{"count":1,"href":"https:\/\/corrientesdetarde.com\/index.php\/wp-json\/wp\/v2\/posts\/91237\/revisions"}],"predecessor-version":[{"id":91239,"href":"https:\/\/corrientesdetarde.com\/index.php\/wp-json\/wp\/v2\/posts\/91237\/revisions\/91239"}],"wp:featuredmedia":[{"embeddable":true,"href":"https:\/\/corrientesdetarde.com\/index.php\/wp-json\/wp\/v2\/media\/91238"}],"wp:attachment":[{"href":"https:\/\/corrientesdetarde.com\/index.php\/wp-json\/wp\/v2\/media?parent=91237"}],"wp:term":[{"taxonomy":"category","embeddable":true,"href":"https:\/\/corrientesdetarde.com\/index.php\/wp-json\/wp\/v2\/categories?post=91237"},{"taxonomy":"post_tag","embeddable":true,"href":"https:\/\/corrientesdetarde.com\/index.php\/wp-json\/wp\/v2\/tags?post=91237"}],"curies":[{"name":"wp","href":"https:\/\/api.w.org\/{rel}","templated":true}]}}