{"id":91248,"date":"2023-09-28T09:52:38","date_gmt":"2023-09-28T12:52:38","guid":{"rendered":"https:\/\/corrientesdetarde.com\/?p=91248"},"modified":"2023-09-28T09:52:43","modified_gmt":"2023-09-28T12:52:43","slug":"fortaleciendo-familias-cierre-de-capacitacionespara-tutores-y-docentes-de-los-cdi","status":"publish","type":"post","link":"https:\/\/corrientesdetarde.com\/index.php\/informacion-general\/fortaleciendo-familias-cierre-de-capacitacionespara-tutores-y-docentes-de-los-cdi\/","title":{"rendered":"Fortaleciendo familias: cierre de capacitacionespara tutores y docentes de los CDI"},"content":{"rendered":"\n<p>La Municipalidad de Corrientes realiz\u00f3 en la Casa del Bicentenario el cierre del programa Fortaleciendo Familias que se llev\u00f3 adelante con las docentes y familias de los 16 Centros de Desarrollo Infantil (CDI). Se trat\u00f3 de una serie de capacitaciones que se desarrollaron desde junio con diferentes tem\u00e1ticas a cargo de la Secretar\u00eda de Desarrollo Humano y el Instituto de Formaci\u00f3n y Capacitaci\u00f3n del Agente Municipal (IFCAM).<br><br>La propuesta tuvo el objetivo de fortalecer el v\u00ednculo entre el personal del CDI, los alumnos que asisten y los familiares. Se abordaron tem\u00e1ticas como periodos cr\u00edticos sensibles en el cerebro del ni\u00f1o; emociones y cerebro; cerebro, mente y conducta; Modelo de Heckman; y la inversi\u00f3n en ni\u00f1ez en Latinoam\u00e9rica.<br><br>La subsecretaria de Capacitaci\u00f3n Comunitaria, Silvia Canteros, precis\u00f3 que \u201clos talleres se hicieron en los 16 CDI y estamos realizando el cierre que est\u00e1 a cargo de dos disertantes y con la respectiva entrega de certificados\u201d.<br><br>En cuanto a la tem\u00e1tica, la funcionaria se\u00f1al\u00f3: \u201cLlevamos herramientas a docentes y familias para que puedan desarrollar una vida sin violencia con los ni\u00f1os que asisten a los CDI\u201d. A su vez, adelant\u00f3 que para el a\u00f1o que viene se tienen planificadas nuevas capacitaciones.<br><br>Por su parte, Viviana Cochia, docente del CDI N\u00b0 10 del barrio Serantes, remarc\u00f3 la oportunidad que brinda la Municipalidad para poder llevar adelante estas acciones con los tutores.<br><br>La docente detall\u00f3 que los talleres \u201cconsistieron en la participaci\u00f3n de los tutores para poder ense\u00f1arles c\u00f3mo deben trabajar con los ni\u00f1os en la casa, porque los menores son el reflejo de c\u00f3mo son tratados en la casa\u201d.<br><br><br>CIERRE<br>Del cierre realizado en la Casa del Bicentenario participaron docentes y directoras de los 16 jardines maternales municipales que fueron parte del programa Fortaleciendo Familia. Cont\u00f3 con la disertaci\u00f3n de Laura Lacava con la tem\u00e1tica de Neurociencia; mientras que Camilia Bagliardi desarroll\u00f3 \u201cEducando y Aprendiendo\u201d.<br><br>Entre tanto, tambi\u00e9n se brind\u00f3 informaci\u00f3n sobre d\u00f3nde acudir ante situaciones de vulnerabilidad como la l\u00ednea 102, el Juzgado de Menores (Santa Fe 900), la Direcci\u00f3n de la Ni\u00f1ez, Adolescencia y Familia (Madrid 57), la Comisar\u00eda de la Mujer y del Menor (Catamarca 1445) y la Direcci\u00f3n de la Ni\u00f1ez de la Municipalidad de Corrientes (Catamarca 771).<\/p>\n","protected":false},"excerpt":{"rendered":"<p>La Municipalidad de Corrientes realiz\u00f3 en la Casa del Bicentenario el cierre del programa Fortaleciendo Familias que se llev\u00f3 adelante con las docentes y familias de los 16 Centros de&hellip; <\/p>\n","protected":false},"author":12,"featured_media":91250,"comment_status":"closed","ping_status":"open","sticky":false,"template":"","format":"standard","meta":{"footnotes":""},"categories":[1],"tags":[],"class_list":["post-91248","post","type-post","status-publish","format-standard","has-post-thumbnail","hentry","category-informacion-general"],"_links":{"self":[{"href":"https:\/\/corrientesdetarde.com\/index.php\/wp-json\/wp\/v2\/posts\/91248","targetHints":{"allow":["GET"]}}],"collection":[{"href":"https:\/\/corrientesdetarde.com\/index.php\/wp-json\/wp\/v2\/posts"}],"about":[{"href":"https:\/\/corrientesdetarde.com\/index.php\/wp-json\/wp\/v2\/types\/post"}],"author":[{"embeddable":true,"href":"https:\/\/corrientesdetarde.com\/index.php\/wp-json\/wp\/v2\/users\/12"}],"replies":[{"embeddable":true,"href":"https:\/\/corrientesdetarde.com\/index.php\/wp-json\/wp\/v2\/comments?post=91248"}],"version-history":[{"count":1,"href":"https:\/\/corrientesdetarde.com\/index.php\/wp-json\/wp\/v2\/posts\/91248\/revisions"}],"predecessor-version":[{"id":91251,"href":"https:\/\/corrientesdetarde.com\/index.php\/wp-json\/wp\/v2\/posts\/91248\/revisions\/91251"}],"wp:featuredmedia":[{"embeddable":true,"href":"https:\/\/corrientesdetarde.com\/index.php\/wp-json\/wp\/v2\/media\/91250"}],"wp:attachment":[{"href":"https:\/\/corrientesdetarde.com\/index.php\/wp-json\/wp\/v2\/media?parent=91248"}],"wp:term":[{"taxonomy":"category","embeddable":true,"href":"https:\/\/corrientesdetarde.com\/index.php\/wp-json\/wp\/v2\/categories?post=91248"},{"taxonomy":"post_tag","embeddable":true,"href":"https:\/\/corrientesdetarde.com\/index.php\/wp-json\/wp\/v2\/tags?post=91248"}],"curies":[{"name":"wp","href":"https:\/\/api.w.org\/{rel}","templated":true}]}}