{"id":91249,"date":"2023-09-28T09:54:50","date_gmt":"2023-09-28T12:54:50","guid":{"rendered":"https:\/\/corrientesdetarde.com\/?p=91249"},"modified":"2023-09-28T09:55:02","modified_gmt":"2023-09-28T12:55:02","slug":"brutal-crimen-en-quilmes-asesino-a-su-hijastro-de-5-anos-golpeandolo-con-una-muleta","status":"publish","type":"post","link":"https:\/\/corrientesdetarde.com\/index.php\/policiales\/brutal-crimen-en-quilmes-asesino-a-su-hijastro-de-5-anos-golpeandolo-con-una-muleta\/","title":{"rendered":"Brutal crimen en Quilmes: asesin\u00f3 a su hijastro de 5 a\u00f1os golpe\u00e1ndolo con una muleta"},"content":{"rendered":"\n<p>Un hombre fue condenado a\u00a0prisi\u00f3n perpetua por\u00a0asesinar\u00a0brutalmente a su\u00a0hijastro\u00a0de 5 a\u00f1os.\u00a0El crimen ocurri\u00f3 en 2017 cuando el agresor\u00a0<strong>atac\u00f3 al nene con la muleta que usaba para caminar.<\/strong><\/p>\n\n\n\n<p>El fallo del Tribunal Oral en lo Criminal (TOC) 5 de\u00a0Quilmes\u00a0sentenci\u00f3 a\u00a0<strong>Esteban Emanuel Portillo<\/strong>, de 32 a\u00f1os, por el delito de\u00a0<strong>\u201chomicidio agravado por alevos\u00eda\u201d<\/strong>, en perjuicio de<strong>\u00a0Esteban Sosa.<\/strong><\/p>\n\n\n\n<p>El dram\u00e1tico hecho ocurri\u00f3 en octubre de 2017 en el interior de una vivienda situada en la calle La Rioja y pasaje 302, en Quilmes Oeste. De acuerdo a la acusaci\u00f3n, el ahora condenado aprovech\u00f3 el estado de indefensi\u00f3n de su hijastro y<strong>&nbsp;lo golpe\u00f3 con alevos\u00eda con las propias muletas que usaba para caminar&nbsp;<\/strong>debido a una discapacidad motriz que padece.<\/p>\n\n\n\n<p>En aquel momento la madre del nene no se encontraba en la casa y, ante esto, Potrillo&nbsp;<strong>dej\u00f3 al chiquito tirado en la puerta de la vivienda<\/strong>, seg\u00fan establecieron las pesquisas.<\/p>\n\n\n\n<figure class=\"wp-block-image\"><img decoding=\"async\" src=\"https:\/\/tn.com.ar\/resizer\/7IHVFFloWNK9Fsze3GWJy3GFCuI=\/767x0\/smart\/filters:format(webp)\/cloudfront-us-east-1.images.arcpublishing.com\/artear\/653R3SJ25JC2FOLCCWO2PKGPGI.jpg\" alt=\"El dram\u00e1tico episodio ocurri\u00f3 en la localidad bonaerense de Quilmes. (Foto: T\u00e9lam)\"\/><figcaption>El dram\u00e1tico episodio ocurri\u00f3 en la localidad bonaerense de Quilmes. (Foto: T\u00e9lam)<\/figcaption><\/figure>\n\n\n\n<p>Producto de la brutal golpiza, el nene sufri\u00f3&nbsp;<strong>heridas de gravedad en la cabeza y el abdomen&nbsp;<\/strong>que generaron su posterior deceso.<\/p>\n\n\n\n<p>Esteban fue hallado por su t\u00edo que a gritos le pidi\u00f3 ayuda a los vecinos. Fueron ellos quienes lo trasladaron a una cl\u00ednica de la zona y, de acuerdo al testimonio de un matrimonio que declar\u00f3 en el juicio oral, ellos mismos le realizaron maniobras de reanimaci\u00f3n cardiopulmonar (RCP), pero el chico ya casi no respiraba.<\/p>\n\n\n\n<p>En ese contexto, el padrastro del nene sali\u00f3 de la casa y, a pesar de que los vecinos le informaron que lo iban a llevar al centro de salud para que fuera con ellos, solo&nbsp;<strong>les respondi\u00f3 que la madre no estaba e ingres\u00f3 nuevamente al domicilio.<\/strong><\/p>\n\n\n\n<p><strong>\u201cEstaba imperturbable, como si no hubiera pasado nada<\/strong>\u201d, sostuvo un testigo acerca de la manera de reaccionar del imputado, quien tras el ataque llev\u00f3 a los hermanos de la v\u00edctima a la casa de la abuela.<\/p>\n\n\n\n<p>Finalmente, la investigaci\u00f3n determin\u00f3 que el autor material del crimen hab\u00eda sido el padrastro. Fuentes judiciales informaron a&nbsp;<em>T\u00e9lam&nbsp;<\/em>que los jueces Juan Mart\u00edn Mata, Gustavo Farina y Federico Merlini coincidieron con el pedido de la fiscal Mariel Calvi\u00f1o y le dieron la m\u00e1xima pena para el acusado que trabajaba como chofer. Su defensa hab\u00eda solicitado su absoluci\u00f3n o que sea encuadrado como un \u201chomicidio preterintencional\u201d, cuyas penas van de 3 a 6 a\u00f1os de prisi\u00f3n.<\/p>\n\n\n\n<h3 class=\"wp-block-heading\"><\/h3>\n","protected":false},"excerpt":{"rendered":"<p>Un hombre fue condenado a\u00a0prisi\u00f3n perpetua por\u00a0asesinar\u00a0brutalmente a su\u00a0hijastro\u00a0de 5 a\u00f1os.\u00a0El crimen ocurri\u00f3 en 2017 cuando el agresor\u00a0atac\u00f3 al nene con la muleta que usaba para caminar. El fallo del&hellip; <\/p>\n","protected":false},"author":12,"featured_media":91252,"comment_status":"closed","ping_status":"open","sticky":false,"template":"","format":"standard","meta":{"footnotes":""},"categories":[33],"tags":[],"class_list":["post-91249","post","type-post","status-publish","format-standard","has-post-thumbnail","hentry","category-policiales"],"_links":{"self":[{"href":"https:\/\/corrientesdetarde.com\/index.php\/wp-json\/wp\/v2\/posts\/91249","targetHints":{"allow":["GET"]}}],"collection":[{"href":"https:\/\/corrientesdetarde.com\/index.php\/wp-json\/wp\/v2\/posts"}],"about":[{"href":"https:\/\/corrientesdetarde.com\/index.php\/wp-json\/wp\/v2\/types\/post"}],"author":[{"embeddable":true,"href":"https:\/\/corrientesdetarde.com\/index.php\/wp-json\/wp\/v2\/users\/12"}],"replies":[{"embeddable":true,"href":"https:\/\/corrientesdetarde.com\/index.php\/wp-json\/wp\/v2\/comments?post=91249"}],"version-history":[{"count":1,"href":"https:\/\/corrientesdetarde.com\/index.php\/wp-json\/wp\/v2\/posts\/91249\/revisions"}],"predecessor-version":[{"id":91253,"href":"https:\/\/corrientesdetarde.com\/index.php\/wp-json\/wp\/v2\/posts\/91249\/revisions\/91253"}],"wp:featuredmedia":[{"embeddable":true,"href":"https:\/\/corrientesdetarde.com\/index.php\/wp-json\/wp\/v2\/media\/91252"}],"wp:attachment":[{"href":"https:\/\/corrientesdetarde.com\/index.php\/wp-json\/wp\/v2\/media?parent=91249"}],"wp:term":[{"taxonomy":"category","embeddable":true,"href":"https:\/\/corrientesdetarde.com\/index.php\/wp-json\/wp\/v2\/categories?post=91249"},{"taxonomy":"post_tag","embeddable":true,"href":"https:\/\/corrientesdetarde.com\/index.php\/wp-json\/wp\/v2\/tags?post=91249"}],"curies":[{"name":"wp","href":"https:\/\/api.w.org\/{rel}","templated":true}]}}