{"id":91254,"date":"2023-09-28T10:05:21","date_gmt":"2023-09-28T13:05:21","guid":{"rendered":"https:\/\/corrientesdetarde.com\/?p=91254"},"modified":"2023-09-28T10:05:48","modified_gmt":"2023-09-28T13:05:48","slug":"objetivo-detener-al-mayor-asesino-del-mundo","status":"publish","type":"post","link":"https:\/\/corrientesdetarde.com\/index.php\/informacion-general\/objetivo-detener-al-mayor-asesino-del-mundo\/","title":{"rendered":"OBJETIVO: DETENER AL MAYOR ASESINO DEL MUNDO"},"content":{"rendered":"\n<p>Ma\u00f1ana 29 de septiembre, se celebra el D\u00eda Mundial del Coraz\u00f3n. Las enfermedades cardiovasculares (ECV) son la principal causa de muerte en el mundo. Es decir, estamos ante el mayor asesino mundial.<\/p>\n\n\n\n<p>Los trastornos que afectan al coraz\u00f3n y a los vasos sangu\u00edneos tales como el infarto de miocardio y el accidente cerebrovascular o la insuficiencia card\u00edaca, matan cada a\u00f1o a 20,5 millones de personas. La mayor\u00eda de estas muertes se producen en pa\u00edses subdesarrollados.<\/p>\n\n\n\n<p>\u201cDesde las sociedades cient\u00edficas tenemos la intenci\u00f3n y la obligaci\u00f3n de reducir estas cifras al m\u00e1ximo\u201d, dijeron desde la Sociedad Interamericana de Cardiolog\u00eda (SIAC).<\/p>\n\n\n\n<p>Aseguraron los m\u00e9dicos que hay esperanza, ya que el 80% de las muertes prematuras debidas a las ECV se pueden prevenir y llamaron a realizar peque\u00f1os cambios en nuestro estilo de vida, como en nuestra alimentaci\u00f3n, consumo de bebidas, actividad f\u00edsica y manejo del estr\u00e9s, podremos mejorar el control de nuestra salud card\u00edaca y superar las ECV.<\/p>\n\n\n\n<p>SOLO AMAMOS Y PROTEGEMOS LO QUE CONOCEMOS<\/p>\n\n\n\n<p>Sabemos poco sobre la salud del coraz\u00f3n y las pol\u00edticas p\u00fablicas son deficientes o inexistentes. Buscamos derribar las barreras y capacitar a las personas para que asuman el control de su propio bienestar. SI SABEMOS M\u00c1S, PODEMOS CUIDARNOS MEJOR<\/p>\n\n\n\n<p>El D\u00eda Mundial del Coraz\u00f3n es una celebraci\u00f3n global y multiling\u00fce que se celebra en los seis continentes, espec\u00edficamente, en cientos de organizaciones afiliadas a la Federaci\u00f3n Mundial del Coraz\u00f3n (FMC), y en escuelas, universidades, clubes y hospitales.<\/p>\n\n\n\n<p>La entidad invit\u00f3 a visitar worldheartday.org y seguirlos en las redes sociales donde se informa sobre muchos recursos, recomendaciones e informaci\u00f3n en preparaci\u00f3n para el 29 de septiembre.<\/p>\n\n\n\n<p>La Federaci\u00f3n Mundial del Coraz\u00f3n (WHF) es una organizaci\u00f3n coordinadora que representa a la comunidad cardiovascular internacional y une a m\u00e1s de 200 agrupaciones de pacientes, de cient\u00edficos y de la sociedad civil. La WHF y sus miembros cooperan en las pol\u00edticas p\u00fablicas, comparten conocimientos e inspiran cambios de<br>comportamiento para lograr salud card\u00edaca para todos.<\/p>\n\n\n\n<p>La Sociedad Interamericana de Cardiolog\u00eda (SIAC), la sociedad cient\u00edfica que agrupa a las sociedades de cardiolog\u00eda de las Americas, a trav\u00e9s de su consejo SIAComunidad, apoya la celebraci\u00f3n del D\u00eda Mundial del Coraz\u00f3n que impulsa la Federaci\u00f3n Mundial del Coraz\u00f3n (WHF) en toda Am\u00e9rica, invitando a entidades no gubernamentales, agentes de salud, periodistas, influencers, comunidades y pacientes a sumarse.<\/p>\n","protected":false},"excerpt":{"rendered":"<p>Ma\u00f1ana 29 de septiembre, se celebra el D\u00eda Mundial del Coraz\u00f3n. Las enfermedades cardiovasculares (ECV) son la principal causa de muerte en el mundo. Es decir, estamos ante el mayor&hellip; <\/p>\n","protected":false},"author":11,"featured_media":91259,"comment_status":"closed","ping_status":"open","sticky":false,"template":"","format":"standard","meta":{"footnotes":""},"categories":[16,1],"tags":[1117,1116],"class_list":["post-91254","post","type-post","status-publish","format-standard","has-post-thumbnail","hentry","category-bienestar-y-salud","category-informacion-general","tag-cardiovascular","tag-corazon"],"_links":{"self":[{"href":"https:\/\/corrientesdetarde.com\/index.php\/wp-json\/wp\/v2\/posts\/91254","targetHints":{"allow":["GET"]}}],"collection":[{"href":"https:\/\/corrientesdetarde.com\/index.php\/wp-json\/wp\/v2\/posts"}],"about":[{"href":"https:\/\/corrientesdetarde.com\/index.php\/wp-json\/wp\/v2\/types\/post"}],"author":[{"embeddable":true,"href":"https:\/\/corrientesdetarde.com\/index.php\/wp-json\/wp\/v2\/users\/11"}],"replies":[{"embeddable":true,"href":"https:\/\/corrientesdetarde.com\/index.php\/wp-json\/wp\/v2\/comments?post=91254"}],"version-history":[{"count":1,"href":"https:\/\/corrientesdetarde.com\/index.php\/wp-json\/wp\/v2\/posts\/91254\/revisions"}],"predecessor-version":[{"id":91260,"href":"https:\/\/corrientesdetarde.com\/index.php\/wp-json\/wp\/v2\/posts\/91254\/revisions\/91260"}],"wp:featuredmedia":[{"embeddable":true,"href":"https:\/\/corrientesdetarde.com\/index.php\/wp-json\/wp\/v2\/media\/91259"}],"wp:attachment":[{"href":"https:\/\/corrientesdetarde.com\/index.php\/wp-json\/wp\/v2\/media?parent=91254"}],"wp:term":[{"taxonomy":"category","embeddable":true,"href":"https:\/\/corrientesdetarde.com\/index.php\/wp-json\/wp\/v2\/categories?post=91254"},{"taxonomy":"post_tag","embeddable":true,"href":"https:\/\/corrientesdetarde.com\/index.php\/wp-json\/wp\/v2\/tags?post=91254"}],"curies":[{"name":"wp","href":"https:\/\/api.w.org\/{rel}","templated":true}]}}