{"id":91264,"date":"2023-09-28T12:46:00","date_gmt":"2023-09-28T15:46:00","guid":{"rendered":"https:\/\/corrientesdetarde.com\/?p=91264"},"modified":"2023-09-28T12:46:12","modified_gmt":"2023-09-28T15:46:12","slug":"la-semana-de-los-clasicos-de-la-copa-de-la-liga-dias-y-horarios-de-todos-los-partidos","status":"publish","type":"post","link":"https:\/\/corrientesdetarde.com\/index.php\/deportes\/la-semana-de-los-clasicos-de-la-copa-de-la-liga-dias-y-horarios-de-todos-los-partidos\/","title":{"rendered":"La semana de los cl\u00e1sicos de la Copa de la Liga: d\u00edas y horarios de todos los partidos"},"content":{"rendered":"\n<p>(Coco Ram\u00f3n) &#8211; En la Fecha 7 de la Copa de la Liga Profesional se paraliza el pa\u00eds con la jornada de los cl\u00e1sicos en la Primera divisi\u00f3n. En un fin de semana se llevar\u00e1n a cabo los mejores partidos del torneo.<\/p>\n\n\n\n<figure class=\"wp-block-embed is-type-video is-provider-youtube wp-block-embed-youtube wp-embed-aspect-16-9 wp-has-aspect-ratio\"><div class=\"wp-block-embed__wrapper\">\n<iframe loading=\"lazy\" title=\"Se viene el superclasico\" width=\"1110\" height=\"624\" src=\"https:\/\/www.youtube.com\/embed\/J_bTYufW7ss?feature=oembed\" frameborder=\"0\" allow=\"accelerometer; autoplay; clipboard-write; encrypted-media; gyroscope; picture-in-picture; web-share\" allowfullscreen><\/iframe>\n<\/div><\/figure>\n\n\n\n<p>La Copa de la Liga Profesional ingres\u00f3 en una semana especial debido a que el pr\u00f3ximo fin de semana se jugar\u00e1 la Fecha 7 de la Copa de la Liga, donde est\u00e1n todos los cl\u00e1sicos del pa\u00eds. Boca vs. River es el m\u00e1s esperado, pero Col\u00f3n vs. Uni\u00f3n y Rosario Central vs. Newell&#8217;s son otros grandes encuentros.<\/p>\n\n\n\n<h2 class=\"wp-block-heading\"><strong>Fecha 7<\/strong>&nbsp;(Interzonal)<\/h2>\n\n\n\n<p><strong>Viernes 29 de septiembre<\/strong><\/p>\n\n\n\n<p>20.00 Tigre \u2013 V\u00e9lez<\/p>\n\n\n\n<p><strong>S\u00e1bado 30<\/strong>&nbsp;<strong>de septiembre<\/strong><\/p>\n\n\n\n<p>11.00 Arsenal \u2013 Defensa y Justicia<\/p>\n\n\n\n<p>16.00 San Lorenzo \u2013 Hurac\u00e1n<\/p>\n\n\n\n<p>16.30 Rosario Central \u2013 Newell\u2019s<\/p>\n\n\n\n<p>19.00 Racing \u2013 Independiente<\/p>\n\n\n\n<p>21.30 Banfield \u2013 Lan\u00fas<\/p>\n\n\n\n<p><strong>Domingo 1\u00b0 de octubre<\/strong><\/p>\n\n\n\n<p>14.00 Boca \u2013 River<\/p>\n\n\n\n<p>16.30 Col\u00f3n \u2013 Uni\u00f3n<\/p>\n\n\n\n<p>17.00 Estudiantes \u2013 Gimnasia<\/p>\n\n\n\n<p>18.45 Talleres \u2013 Belgrano<\/p>\n\n\n\n<p><strong>Lunes 2 de octubre<\/strong><\/p>\n\n\n\n<p>18.30 Barracas Central \u2013 Sarmiento<\/p>\n\n\n\n<p>18.30 Godoy Cruz \u2013 Instituto<\/p>\n\n\n\n<p>21.00 Platense \u2013 Argentinos<\/p>\n\n\n\n<p>21.00 Atl\u00e9tico Tucum\u00e1n \u2013 Central C\u00f3rdoba<\/p>\n\n\n\n<p><\/p>\n","protected":false},"excerpt":{"rendered":"<p>(Coco Ram\u00f3n) &#8211; En la Fecha 7 de la Copa de la Liga Profesional se paraliza el pa\u00eds con la jornada de los cl\u00e1sicos en la Primera divisi\u00f3n. En un&hellip; <\/p>\n","protected":false},"author":11,"featured_media":58720,"comment_status":"closed","ping_status":"open","sticky":false,"template":"","format":"standard","meta":{"footnotes":""},"categories":[4],"tags":[119,1118,503,185],"class_list":["post-91264","post","type-post","status-publish","format-standard","has-post-thumbnail","hentry","category-deportes","tag-boca","tag-clasicos","tag-liga","tag-river"],"_links":{"self":[{"href":"https:\/\/corrientesdetarde.com\/index.php\/wp-json\/wp\/v2\/posts\/91264","targetHints":{"allow":["GET"]}}],"collection":[{"href":"https:\/\/corrientesdetarde.com\/index.php\/wp-json\/wp\/v2\/posts"}],"about":[{"href":"https:\/\/corrientesdetarde.com\/index.php\/wp-json\/wp\/v2\/types\/post"}],"author":[{"embeddable":true,"href":"https:\/\/corrientesdetarde.com\/index.php\/wp-json\/wp\/v2\/users\/11"}],"replies":[{"embeddable":true,"href":"https:\/\/corrientesdetarde.com\/index.php\/wp-json\/wp\/v2\/comments?post=91264"}],"version-history":[{"count":1,"href":"https:\/\/corrientesdetarde.com\/index.php\/wp-json\/wp\/v2\/posts\/91264\/revisions"}],"predecessor-version":[{"id":91307,"href":"https:\/\/corrientesdetarde.com\/index.php\/wp-json\/wp\/v2\/posts\/91264\/revisions\/91307"}],"wp:featuredmedia":[{"embeddable":true,"href":"https:\/\/corrientesdetarde.com\/index.php\/wp-json\/wp\/v2\/media\/58720"}],"wp:attachment":[{"href":"https:\/\/corrientesdetarde.com\/index.php\/wp-json\/wp\/v2\/media?parent=91264"}],"wp:term":[{"taxonomy":"category","embeddable":true,"href":"https:\/\/corrientesdetarde.com\/index.php\/wp-json\/wp\/v2\/categories?post=91264"},{"taxonomy":"post_tag","embeddable":true,"href":"https:\/\/corrientesdetarde.com\/index.php\/wp-json\/wp\/v2\/tags?post=91264"}],"curies":[{"name":"wp","href":"https:\/\/api.w.org\/{rel}","templated":true}]}}