{"id":91636,"date":"2023-09-29T23:50:34","date_gmt":"2023-09-30T02:50:34","guid":{"rendered":"https:\/\/corrientesdetarde.com\/?p=91636"},"modified":"2023-09-29T23:50:40","modified_gmt":"2023-09-30T02:50:40","slug":"elecciones-2023-los-candidatos-ponen-pausa-a-las-recorridas-para-ensayar-para-el-debate-presidencial","status":"publish","type":"post","link":"https:\/\/corrientesdetarde.com\/index.php\/politica\/elecciones-2023-los-candidatos-ponen-pausa-a-las-recorridas-para-ensayar-para-el-debate-presidencial\/","title":{"rendered":"Elecciones 2023: los candidatos ponen pausa a las recorridas para ensayar para el debate presidencial"},"content":{"rendered":"\n<p>En las \u00faltimas horas, los\u00a0<strong>candidatos\u00a0<\/strong>pusieron sus\u00a0<strong>campa\u00f1as en pausa<\/strong>\u00a0con el objetivo de prepararse para una de las citas m\u00e1s importantes\u00a0antes de las elecciones\u00a0del 22 de octubre: el\u00a0<strong>primer debate presidencial<\/strong>.<\/p>\n\n\n\n<p><strong>Le\u00e9 tambi\u00e9n:\u00a0Elecciones 2023: fechas, candidatos, encuestas, resultados y todos los detalles minuto a minuto<\/strong><\/p>\n\n\n\n<p>Tras varias semanas con m\u00faltiples actividades y apariciones p\u00fablicas en todo el pa\u00eds, los tres principales postulantes a la Casa Rosada &#8211;<strong>Javier Milei<\/strong>,<strong>Sergio Massa<\/strong>y<strong>Patricia Bullrich<\/strong>&#8211; frenaron las recorridas y\u00a0<strong>se encerraron con sus asesores<\/strong>\u00a0m\u00e1s cercanos para\u00a0<strong>ensayar las estrategias<\/strong>\u00a0que pondr\u00e1n en pr\u00e1ctica el\u00a0<strong>domingo por la noche<\/strong>\u00a0en la sede de la Universidad Nacional de\u00a0<strong>Santiago del Estero<\/strong>\u00a0(UNSE), en el primer cara a cara del a\u00f1o entre rivales.<\/p>\n\n\n\n<h2 class=\"wp-block-heading\">C\u00f3mo se prepara Sergio Massa para el primer debate presidencial<\/h2>\n\n\n\n<figure class=\"wp-block-image\"><img decoding=\"async\" src=\"https:\/\/tn.com.ar\/resizer\/fBZ7uPLebSppkhfzPjZ0Q1c6v-s=\/767x0\/smart\/filters:format(webp)\/cloudfront-us-east-1.images.arcpublishing.com\/artear\/CO6UQKZMUZFSHEINEKH3DFQ4DQ.jpg\" alt=\"Sergio Massa tendr\u00e1 este viernes un acto de campa\u00f1a y luego viajar\u00e1 a Santiago del Estero para prepararse para el debate. (Foto: NA)\"\/><figcaption>Sergio Massa tendr\u00e1 este viernes un acto de campa\u00f1a y luego viajar\u00e1 a Santiago del Estero para prepararse para el debate. (Foto: NA)<\/figcaption><\/figure>\n\n\n\n<p>Massa, candidato de&nbsp;<strong>Uni\u00f3n por la Patria<\/strong>, tuvo un&nbsp;<strong>jueves sin agenda oficial<\/strong>&nbsp;y dedic\u00f3 la jornada a preparar su exposici\u00f3n para el debate, oportunidad en la que ya dej\u00f3 trascender que anunciar\u00e1&nbsp;<strong>qui\u00e9nes ser\u00e1n su ministro de Econom\u00eda y el presidente del Banco Central<\/strong>&nbsp;en caso de ganar las elecciones.<\/p>\n\n\n\n<p>Si bien este viernes volver\u00e1 a la escena p\u00fablica en el&nbsp;<strong>masivo acto de respaldo de la CGT<\/strong>&nbsp;en el Congreso, el ministro tiene planeado&nbsp;<strong>viajar de inmediato a Santiago del Estero&nbsp;<\/strong>para terminar de ensayar antes del debate.<\/p>\n\n\n\n<p>Desde el comando de campa\u00f1a de UxP indicaron Massa est\u00e1\u00a0<strong>\u201centrenando\u201d\u00a0<\/strong>junto a su equipo de asesores en comunicaci\u00f3n y dirigentes m\u00e1s cercanos bajo los ejes de\u00a0<strong>\u201calivio fiscal\u201d, \u201cmenos impuestos para los trabajadores\u201d y \u201cseguridad\u201d<\/strong>.<\/p>\n\n\n\n<p>El ministro y candidato har\u00e1 foco en algunas de las&nbsp;<strong>recientes medidas<\/strong>&nbsp;que tom\u00f3 al frente del Ministerio de Econom\u00eda, como la&nbsp;<strong>eliminaci\u00f3n del Impuesto a las Ganancias<\/strong>&nbsp;para la cuarta categor\u00eda, la&nbsp;<strong>devoluci\u00f3n del IVA en las compras<\/strong>&nbsp;y los&nbsp;<strong>bonos para trabajadores<\/strong>&nbsp;formales, aut\u00f3nomos y sectores informales, entre otras.<\/p>\n\n\n\n<p>Adem\u00e1s, y para confrontar con Milei, el postulante oficialista remarcar\u00eda el objetivo de&nbsp;<strong>\u201cexportar m\u00e1s trabajo argentino al mundo\u201d<\/strong>, en contraposici\u00f3n con la postura del referente libertario de cancelar negociaciones bilaterales con China y Brasil. Tambi\u00e9n har\u00eda hincapi\u00e9 en que durante su gesti\u00f3n como intendente de Tigre&nbsp;<strong>bajaron los \u00edndices de inseguridad<\/strong>, de manera de presentar resultados concretos ante una de las principales demandas de la sociedad.<\/p>\n\n\n\n<p>En esa exposici\u00f3n se encuentran trabajando tambi\u00e9n el asesor catal\u00e1n&nbsp;<strong>Antoni Guti\u00e9rrez Rub\u00ed<\/strong>; el vicejefe de Gabinete,&nbsp;<strong>Juan Manuel Olmos<\/strong>, referente del PJ porte\u00f1o, y el asesor en comunicaci\u00f3n del Frente Renovador&nbsp;<strong>Santiago Garc\u00eda V\u00e1zquez<\/strong>, entre otros.<\/p>\n\n\n\n<h2 class=\"wp-block-heading\">C\u00f3mo se prepara Patricia Bullrich para el primer debate presidencial<\/h2>\n\n\n\n<figure class=\"wp-block-image\"><img decoding=\"async\" src=\"https:\/\/tn.com.ar\/resizer\/r-cvg-g9SH9nAVElUUUxi-G2otw=\/767x0\/smart\/filters:format(webp)\/cloudfront-us-east-1.images.arcpublishing.com\/artear\/QADLYSQGRBGHJHCUFP4J3YTUEA.jpg\" alt=\"La precandidata presidencial argentina Patricia Bullrich, en el acto de cierre de su campa\u00f1a electoral antes de las primarias (Foto: Reuters)\"\/><figcaption>La precandidata presidencial argentina Patricia Bullrich, en el acto de cierre de su campa\u00f1a electoral antes de las primarias (Foto: Reuters)<\/figcaption><\/figure>\n\n\n\n<p>Decidida a&nbsp;<strong>mejorar su performance de las PASO<\/strong>&nbsp;y no quedar relegada al tercer lugar,&nbsp;<strong>Bullrich<\/strong>&nbsp;tambi\u00e9n se prepara para una noche clave. La candidata presidencial de&nbsp;<strong>Juntos por el Cambio<\/strong>&nbsp;(JxC) realiz\u00f3 el jueves un&nbsp;<strong>acto en Rosario<\/strong>, \u00faltima parada de la caravana proselitista que Bullrich estuvo realizando por distintas partes del pa\u00eds a bordo del motorhome bautizado&nbsp;<strong>\u201cPatoneta<\/strong>\u201d, y que tuvo m\u00e1s temprano como destino las localidades cordobesas de Villa Mar\u00eda, Bell Ville, Marcos Ju\u00e1rez y la santafesina Armstrong.<\/p>\n\n\n\n<p>La exministra Seguridad tendr\u00e1 este domingo su primer debate presidencial, para el cual \u201cse est\u00e1 preparando bien\u201d, seg\u00fan indicaron desde su entorno. \u201c<strong>Estaba disf\u00f3nica, pero est\u00e1 recuperando la voz.<\/strong>&nbsp;Para el domingo va a llegar bien\u201d, aseguraron.<\/p>\n\n\n\n<p>Otras fuentes partidarias detallaron que \u201chay un equipo de discurso que asesora\u201d a la candidata y que tambi\u00e9n \u201chay entrenamientos\u201d en los que distintos\u00a0<strong>\u201creferentes y miembros de su c\u00edrculo act\u00faan de otros candidatos\u201d<\/strong>. \u201cHern\u00e1n Lombardi, Juan Pablo Arenaza y Dami\u00e1n Arabia hacen de otros candidatos y practican el debate en el formato pactado\u201d, agregaron.<\/p>\n\n\n\n<p>En Rosario, consultada por el debate, Bullrich indic\u00f3: \u201c<strong>Tengo muy claras y n\u00edtidas mis ideas<\/strong>, s\u00e9 lo que queremos y hacia d\u00f3nde vamos.&nbsp;<strong>Estoy practicando los tiempos<\/strong>&nbsp;que es lo m\u00e1s importante en un debate\u201d. La propia candidata confirm\u00f3 que la acompa\u00f1ar\u00e1n \u201ctodos los gobernadores\u201d de la coalici\u00f3n.<\/p>\n\n\n\n<p>Su asesor econ\u00f3mico y representante ante la C\u00e1mara Nacional Electoral (CNE),&nbsp;<strong>Mart\u00edn Siracusa<\/strong>, asegur\u00f3 que durante el debate del pr\u00f3ximo domingo se ver\u00e1 a una dirigente \u201caut\u00e9ntica\u201d que \u201cva a hablarle a sus votantes y a los que no fueron a votar\u201d. En declaraciones a radio&nbsp;<em>Perfil<\/em>, Siracusa confirm\u00f3 que durante el viernes la candidata se dedicar\u00eda a un ensayo del primer debate obligatorio.<\/p>\n\n\n\n<p>\u201c<strong>Vamos a ir a un estudio que nos prestaron y vamos a hacer un ensayo con c\u00e1maras y luces<\/strong>, para ver un poco c\u00f3mo da en c\u00e1mara y que (Bullrich) sepa la ubicaci\u00f3n de las c\u00e1maras, de los atriles\u201d, explic\u00f3 Siracusa. \u201cLo que pretendemos en el debate es\u00a0<strong>hablarle a los que nos votaron, a los que queremos que nos voten y a los que no fueron a votar<\/strong>\u00a0y contarles qui\u00e9n es Patricia\u201d, asegur\u00f3 el asesor de la candidata de la coalici\u00f3n opositora.<\/p>\n\n\n\n<p>\u201cElla tiene que ser muy aut\u00e9ntica, la verdad es que nunca quisimos enfrascarla o generar alg\u00fan tipo de discurso que la saque de su personalidad\u201d, explic\u00f3. Afirm\u00f3 que durante las pr\u00e1cticas del debate se ha \u201creplicado c\u00f3mo son los tiempos,&nbsp;<strong>c\u00f3mo va a funcionar la din\u00e1mica del debate<\/strong>, pero siempre manteniendo la autenticidad de sus palabras, de sus ideas\u201d.<\/p>\n\n\n\n<p>Afirm\u00f3 asimismo que distintos referentes de Juntos por el Cambio, entre ellos&nbsp;<strong>Jos\u00e9 Luis Espert<\/strong>&nbsp;o el expresidente&nbsp;<strong>Mauricio Macri<\/strong>&nbsp;brindaron sus consejos a partir de sus experiencias en debates presidenciales. Siracusa expres\u00f3 asimismo que en el debate \u201chay solo dos minutos para hablar de cada tema, y Patricia tiene esa impronta de plantear los temas con fuerza\u201d.<\/p>\n\n\n\n<h2 class=\"wp-block-heading\">C\u00f3mo se prepara Javier Milei para el primer debate presidencial<\/h2>\n\n\n\n<figure class=\"wp-block-image\"><img decoding=\"async\" src=\"https:\/\/tn.com.ar\/resizer\/903ZV7ZFIi5UfCC0fnio_V_RZPA=\/767x0\/smart\/filters:format(webp)\/cloudfront-us-east-1.images.arcpublishing.com\/artear\/LTH6O7B3U7JXDO5UGGKEQYO6RU.jpg\" alt=\"El libertario fue el candidato m\u00e1s votado en las PASO. (Foto: Reuters)\"\/><figcaption>El libertario fue el candidato m\u00e1s votado en las PASO. (Foto: Reuters)Por:&nbsp;<strong>REUTERS<\/strong><\/figcaption><\/figure>\n\n\n\n<p>Milei, representante de&nbsp;<strong>La Libertad Avanza<\/strong>, sigue&nbsp;<strong>activo en las redes sociales<\/strong>&nbsp;pero mantiene un&nbsp;<strong>llamativo silencio p\u00fablico<\/strong>&nbsp;desde hace d\u00edas; sin apariciones en televisi\u00f3n ni recorridas.<\/p>\n\n\n\n<p>El libertario se recluy\u00f3 en las \u00faltimas horas para preparar&nbsp;<strong>el encuentro que lo expondr\u00e1 ante el resto de los aspirantes a Casa Rosada<\/strong>&nbsp;en el Centro de Convenciones Provincial Forum, con sede en la ciudad de Santiago del Estero.<\/p>\n\n\n\n<p><strong>Ultima los detalles y dialoga la estrategia junto a su jefa de campa\u00f1a, Karina Milei<\/strong>, y los asesores comunicacionales\u00a0<strong>Santiago Caputo y Fernando Cerimedo<\/strong>. Los primeros dos acompa\u00f1ar\u00e1n al economista al norte.<\/p>\n\n\n\n<p>La l\u00ednea que correr\u00e1 para el debate ser\u00e1 la misma que se estableci\u00f3 para lo que resta de la campa\u00f1a:&nbsp;<strong>polarizar con el ministro de Econom\u00eda, Sergio Massa, y contrastar con la gesti\u00f3n oficialista:<\/strong>&nbsp;inflaci\u00f3n interanual del 124,4% y pobreza del 40,1%.<\/p>\n\n\n\n<p>En sus filas,&nbsp;<strong>consideran que la candidata presidencial de Juntos por el Cambio, Patricia Bullrich, est\u00e1 \u201cen el piso<\/strong>\u201d y que \u201cno hay posibilidad de disputar con ella en el debate y en la elecci\u00f3n\u201d.<\/p>\n\n\n\n<p>En esa l\u00ednea,&nbsp;<strong>el diputado se focalizar\u00e1 en las propuestas econ\u00f3micas<\/strong>. En su equipo creen que el resto de los candidatos ir\u00e1 a buscarlo con negativas hacia la dolarizaci\u00f3n y la eliminaci\u00f3n del Banco Central: \u201cSe va a hablar de nuestras propuestas.&nbsp;<strong>Es el \u00fanico terreno que hay porque el resto no present\u00f3 ninguna<\/strong>. Solo se acomodaron para contrarrestar la nuestra\u201d.<\/p>\n","protected":false},"excerpt":{"rendered":"<p>En las \u00faltimas horas, los\u00a0candidatos\u00a0pusieron sus\u00a0campa\u00f1as en pausa\u00a0con el objetivo de prepararse para una de las citas m\u00e1s importantes\u00a0antes de las elecciones\u00a0del 22 de octubre: el\u00a0primer debate presidencial. Le\u00e9 tambi\u00e9n:\u00a0Elecciones&hellip; <\/p>\n","protected":false},"author":12,"featured_media":91646,"comment_status":"closed","ping_status":"open","sticky":false,"template":"","format":"standard","meta":{"footnotes":""},"categories":[3],"tags":[],"class_list":["post-91636","post","type-post","status-publish","format-standard","has-post-thumbnail","hentry","category-politica"],"_links":{"self":[{"href":"https:\/\/corrientesdetarde.com\/index.php\/wp-json\/wp\/v2\/posts\/91636","targetHints":{"allow":["GET"]}}],"collection":[{"href":"https:\/\/corrientesdetarde.com\/index.php\/wp-json\/wp\/v2\/posts"}],"about":[{"href":"https:\/\/corrientesdetarde.com\/index.php\/wp-json\/wp\/v2\/types\/post"}],"author":[{"embeddable":true,"href":"https:\/\/corrientesdetarde.com\/index.php\/wp-json\/wp\/v2\/users\/12"}],"replies":[{"embeddable":true,"href":"https:\/\/corrientesdetarde.com\/index.php\/wp-json\/wp\/v2\/comments?post=91636"}],"version-history":[{"count":1,"href":"https:\/\/corrientesdetarde.com\/index.php\/wp-json\/wp\/v2\/posts\/91636\/revisions"}],"predecessor-version":[{"id":91647,"href":"https:\/\/corrientesdetarde.com\/index.php\/wp-json\/wp\/v2\/posts\/91636\/revisions\/91647"}],"wp:featuredmedia":[{"embeddable":true,"href":"https:\/\/corrientesdetarde.com\/index.php\/wp-json\/wp\/v2\/media\/91646"}],"wp:attachment":[{"href":"https:\/\/corrientesdetarde.com\/index.php\/wp-json\/wp\/v2\/media?parent=91636"}],"wp:term":[{"taxonomy":"category","embeddable":true,"href":"https:\/\/corrientesdetarde.com\/index.php\/wp-json\/wp\/v2\/categories?post=91636"},{"taxonomy":"post_tag","embeddable":true,"href":"https:\/\/corrientesdetarde.com\/index.php\/wp-json\/wp\/v2\/tags?post=91636"}],"curies":[{"name":"wp","href":"https:\/\/api.w.org\/{rel}","templated":true}]}}