{"id":91719,"date":"2023-09-30T11:05:29","date_gmt":"2023-09-30T14:05:29","guid":{"rendered":"https:\/\/corrientesdetarde.com\/?p=91719"},"modified":"2023-09-30T11:05:40","modified_gmt":"2023-09-30T14:05:40","slug":"sumaron-nuevas-celdas-en-el-pelletier-para-personas-no-binarias-y-trans","status":"publish","type":"post","link":"https:\/\/corrientesdetarde.com\/index.php\/informacion-general\/sumaron-nuevas-celdas-en-el-pelletier-para-personas-no-binarias-y-trans\/","title":{"rendered":"Sumaron nuevas celdas en el Pelletier para personas no binarias y trans"},"content":{"rendered":"\n<p>La Unidad Penal N\u00b0 3 del Instituto Pelletier de la ciudad de Corrientes incorpor\u00f3 ayer nuevos m\u00f3dulos para personas no binarias y trans en contexto de encierro. Las celdas cuentan con con camas, ba\u00f1os y patio interno recreativo, con el objetivo de garantizar las condiciones necesarias a las personas que se autoperciben con un g\u00e9nero distinto al asignado al nacer.<\/p>\n\n\n\n<p>Las obras de reacondicionamiento fueron inauguradas ayer por el Gobierno de Corrientes, a trav\u00e9s del Ministerio de Seguridad a trav\u00e9s de un proyecto que busca la igualdad en la poblaci\u00f3n carcelaria. Tras las labores, en la Unidad Penal N\u00b0 3 del Instituto Pelletier ahora hay dos m\u00f3dulos para cuatro personas privadas de su libertad.&nbsp;<\/p>\n\n\n\n<p>El arquitecto Jorge Campos detall\u00f3 a Radio Sudamericana: \u201cLo que se hizo fue dise\u00f1ar, construir y habilitar dos m\u00f3dulos para hombres condenados y procesados que se autoperciban mujeres y mujeres procesadas que se autoperciban hombres. Lo que antes ocurr\u00eda es que los internos conviv\u00edan con el resto de la poblaci\u00f3n penal en los espacios comunes y esto generaba inconvenientes. Con esto se respetan todas las condiciones\u201d.&nbsp;<\/p>\n\n\n\n<p>El sitio cuenta con camas, ba\u00f1os y patio interno para recreaci\u00f3n de las y los reclusos y as\u00ed garantizar un espacio seguro. El Instituto Pelletier es el primero de la provincia y seg\u00fan anticiparon, el proyecto ser\u00e1 replicado en todas las c\u00e1rceles de Corrientes. &nbsp; &nbsp; &nbsp; &nbsp; &nbsp;<\/p>\n","protected":false},"excerpt":{"rendered":"<p>La Unidad Penal N\u00b0 3 del Instituto Pelletier de la ciudad de Corrientes incorpor\u00f3 ayer nuevos m\u00f3dulos para personas no binarias y trans en contexto de encierro. Las celdas cuentan&hellip; <\/p>\n","protected":false},"author":3,"featured_media":91720,"comment_status":"closed","ping_status":"open","sticky":false,"template":"","format":"standard","meta":{"footnotes":""},"categories":[1],"tags":[],"class_list":["post-91719","post","type-post","status-publish","format-standard","has-post-thumbnail","hentry","category-informacion-general"],"_links":{"self":[{"href":"https:\/\/corrientesdetarde.com\/index.php\/wp-json\/wp\/v2\/posts\/91719","targetHints":{"allow":["GET"]}}],"collection":[{"href":"https:\/\/corrientesdetarde.com\/index.php\/wp-json\/wp\/v2\/posts"}],"about":[{"href":"https:\/\/corrientesdetarde.com\/index.php\/wp-json\/wp\/v2\/types\/post"}],"author":[{"embeddable":true,"href":"https:\/\/corrientesdetarde.com\/index.php\/wp-json\/wp\/v2\/users\/3"}],"replies":[{"embeddable":true,"href":"https:\/\/corrientesdetarde.com\/index.php\/wp-json\/wp\/v2\/comments?post=91719"}],"version-history":[{"count":1,"href":"https:\/\/corrientesdetarde.com\/index.php\/wp-json\/wp\/v2\/posts\/91719\/revisions"}],"predecessor-version":[{"id":91721,"href":"https:\/\/corrientesdetarde.com\/index.php\/wp-json\/wp\/v2\/posts\/91719\/revisions\/91721"}],"wp:featuredmedia":[{"embeddable":true,"href":"https:\/\/corrientesdetarde.com\/index.php\/wp-json\/wp\/v2\/media\/91720"}],"wp:attachment":[{"href":"https:\/\/corrientesdetarde.com\/index.php\/wp-json\/wp\/v2\/media?parent=91719"}],"wp:term":[{"taxonomy":"category","embeddable":true,"href":"https:\/\/corrientesdetarde.com\/index.php\/wp-json\/wp\/v2\/categories?post=91719"},{"taxonomy":"post_tag","embeddable":true,"href":"https:\/\/corrientesdetarde.com\/index.php\/wp-json\/wp\/v2\/tags?post=91719"}],"curies":[{"name":"wp","href":"https:\/\/api.w.org\/{rel}","templated":true}]}}