{"id":91725,"date":"2023-09-30T11:07:39","date_gmt":"2023-09-30T14:07:39","guid":{"rendered":"https:\/\/corrientesdetarde.com\/?p=91725"},"modified":"2023-09-30T11:07:42","modified_gmt":"2023-09-30T14:07:42","slug":"continua-la-venta-de-entradas-para-el-taragui-rock","status":"publish","type":"post","link":"https:\/\/corrientesdetarde.com\/index.php\/cultura\/continua-la-venta-de-entradas-para-el-taragui-rock\/","title":{"rendered":"Contin\u00faa la venta de entradas para el Tarag\u00fc\u00ed Rock"},"content":{"rendered":"\n<p>Contin\u00faa a buen ritmo la .venta de entradas para la nueva edici\u00f3n del Tarag\u00fc\u00ed Rock, evento que se realizar\u00e1 en el cors\u00f3dromo Nolo Al\u00edas los d\u00edas 14 y 15 de octubre y es organizado por el Instituto de Cultura de la Provincia de Corrientes.<\/p>\n\n\n\n<p>Las entradas se pueden adquirir en las boleter\u00edas del teatro Vera en el horario de 9:30 a 12 y tendr\u00e1n un costo de cuatro mil pesos por d\u00eda. En los pr\u00f3ximos d\u00edas la organizaci\u00f3n habilitar\u00e1 la venta online para mayor comodidad.<\/p>\n\n\n\n<p>El 14 y 15 de octubre el cors\u00f3dromo Nolo Alias recibir\u00e1 a visitantes de toda Argentina y pa\u00edses vecinos para vibrar con distintos ritmos.<\/p>\n\n\n\n<p>Catupecu Machu, Miguel Mateos, La Kermesse Redonda, Cielo Razzo, Masacre, Asspera, C.R.O., Gardelino, Un Verano, Escorpia, sumado a las mejores bandas locales y de la regi\u00f3n para completar una grilla imperdible.<\/p>\n","protected":false},"excerpt":{"rendered":"<p>Contin\u00faa a buen ritmo la .venta de entradas para la nueva edici\u00f3n del Tarag\u00fc\u00ed Rock, evento que se realizar\u00e1 en el cors\u00f3dromo Nolo Al\u00edas los d\u00edas 14 y 15 de&hellip; <\/p>\n","protected":false},"author":3,"featured_media":91726,"comment_status":"closed","ping_status":"open","sticky":false,"template":"","format":"standard","meta":{"footnotes":""},"categories":[15],"tags":[],"class_list":["post-91725","post","type-post","status-publish","format-standard","has-post-thumbnail","hentry","category-cultura"],"_links":{"self":[{"href":"https:\/\/corrientesdetarde.com\/index.php\/wp-json\/wp\/v2\/posts\/91725","targetHints":{"allow":["GET"]}}],"collection":[{"href":"https:\/\/corrientesdetarde.com\/index.php\/wp-json\/wp\/v2\/posts"}],"about":[{"href":"https:\/\/corrientesdetarde.com\/index.php\/wp-json\/wp\/v2\/types\/post"}],"author":[{"embeddable":true,"href":"https:\/\/corrientesdetarde.com\/index.php\/wp-json\/wp\/v2\/users\/3"}],"replies":[{"embeddable":true,"href":"https:\/\/corrientesdetarde.com\/index.php\/wp-json\/wp\/v2\/comments?post=91725"}],"version-history":[{"count":1,"href":"https:\/\/corrientesdetarde.com\/index.php\/wp-json\/wp\/v2\/posts\/91725\/revisions"}],"predecessor-version":[{"id":91727,"href":"https:\/\/corrientesdetarde.com\/index.php\/wp-json\/wp\/v2\/posts\/91725\/revisions\/91727"}],"wp:featuredmedia":[{"embeddable":true,"href":"https:\/\/corrientesdetarde.com\/index.php\/wp-json\/wp\/v2\/media\/91726"}],"wp:attachment":[{"href":"https:\/\/corrientesdetarde.com\/index.php\/wp-json\/wp\/v2\/media?parent=91725"}],"wp:term":[{"taxonomy":"category","embeddable":true,"href":"https:\/\/corrientesdetarde.com\/index.php\/wp-json\/wp\/v2\/categories?post=91725"},{"taxonomy":"post_tag","embeddable":true,"href":"https:\/\/corrientesdetarde.com\/index.php\/wp-json\/wp\/v2\/tags?post=91725"}],"curies":[{"name":"wp","href":"https:\/\/api.w.org\/{rel}","templated":true}]}}