{"id":91728,"date":"2023-09-30T11:08:56","date_gmt":"2023-09-30T14:08:56","guid":{"rendered":"https:\/\/corrientesdetarde.com\/?p=91728"},"modified":"2023-09-30T11:09:07","modified_gmt":"2023-09-30T14:09:07","slug":"el-lunes-a-las-7-comienza-el-examen-de-tipeo-para-ingresar-al-poder-judicial-de-corrientes","status":"publish","type":"post","link":"https:\/\/corrientesdetarde.com\/index.php\/informacion-general\/el-lunes-a-las-7-comienza-el-examen-de-tipeo-para-ingresar-al-poder-judicial-de-corrientes\/","title":{"rendered":"El lunes a las 7 comienza el examen de tipeo para ingresar al Poder Judicial de Corrientes"},"content":{"rendered":"\n<p><br>El ingreso de los postulantes ser\u00e1 por calle Salta en la ciudad de Corrientes. Se trata del examen de tipeo organizado por el \u00c1rea de Concurso del Poder Judicial.<\/p>\n\n\n\n<p>El \u00e1rea de Concurso del Poder Judicial comunic\u00f3 a los postulantes que el ingreso a los Ex\u00e1menes de Tipeo en el edificio de Casa Lagra\u00f1a (calle Carlos Pellegrini n\u00b0 894) se realizar\u00e1 por calle Salta en los d\u00edas y horarios previstos seg\u00fan el cronograma publicado en la p\u00e1gina Web.<\/p>\n\n\n\n<p>Deber\u00e1n asistir con su documento de identidad, una lapicera para firmar el examen y la ficha de inscripci\u00f3n.<\/p>\n","protected":false},"excerpt":{"rendered":"<p>El ingreso de los postulantes ser\u00e1 por calle Salta en la ciudad de Corrientes. Se trata del examen de tipeo organizado por el \u00c1rea de Concurso del Poder Judicial. El&hellip; <\/p>\n","protected":false},"author":3,"featured_media":91729,"comment_status":"closed","ping_status":"open","sticky":false,"template":"","format":"standard","meta":{"footnotes":""},"categories":[1],"tags":[],"class_list":["post-91728","post","type-post","status-publish","format-standard","has-post-thumbnail","hentry","category-informacion-general"],"_links":{"self":[{"href":"https:\/\/corrientesdetarde.com\/index.php\/wp-json\/wp\/v2\/posts\/91728","targetHints":{"allow":["GET"]}}],"collection":[{"href":"https:\/\/corrientesdetarde.com\/index.php\/wp-json\/wp\/v2\/posts"}],"about":[{"href":"https:\/\/corrientesdetarde.com\/index.php\/wp-json\/wp\/v2\/types\/post"}],"author":[{"embeddable":true,"href":"https:\/\/corrientesdetarde.com\/index.php\/wp-json\/wp\/v2\/users\/3"}],"replies":[{"embeddable":true,"href":"https:\/\/corrientesdetarde.com\/index.php\/wp-json\/wp\/v2\/comments?post=91728"}],"version-history":[{"count":1,"href":"https:\/\/corrientesdetarde.com\/index.php\/wp-json\/wp\/v2\/posts\/91728\/revisions"}],"predecessor-version":[{"id":91730,"href":"https:\/\/corrientesdetarde.com\/index.php\/wp-json\/wp\/v2\/posts\/91728\/revisions\/91730"}],"wp:featuredmedia":[{"embeddable":true,"href":"https:\/\/corrientesdetarde.com\/index.php\/wp-json\/wp\/v2\/media\/91729"}],"wp:attachment":[{"href":"https:\/\/corrientesdetarde.com\/index.php\/wp-json\/wp\/v2\/media?parent=91728"}],"wp:term":[{"taxonomy":"category","embeddable":true,"href":"https:\/\/corrientesdetarde.com\/index.php\/wp-json\/wp\/v2\/categories?post=91728"},{"taxonomy":"post_tag","embeddable":true,"href":"https:\/\/corrientesdetarde.com\/index.php\/wp-json\/wp\/v2\/tags?post=91728"}],"curies":[{"name":"wp","href":"https:\/\/api.w.org\/{rel}","templated":true}]}}