{"id":91757,"date":"2023-09-30T19:01:47","date_gmt":"2023-09-30T22:01:47","guid":{"rendered":"https:\/\/corrientesdetarde.com\/?p=91757"},"modified":"2023-09-30T19:01:58","modified_gmt":"2023-09-30T22:01:58","slug":"lula-da-silva-se-sometio-a-una-cirugia-de-cadera-y-se-encuentra-en-buen-estado","status":"publish","type":"post","link":"https:\/\/corrientesdetarde.com\/index.php\/internacionales\/lula-da-silva-se-sometio-a-una-cirugia-de-cadera-y-se-encuentra-en-buen-estado\/","title":{"rendered":"Lula da Silva se someti\u00f3 a una cirug\u00eda de cadera y se encuentra en buen estado"},"content":{"rendered":"\n<p>La intervenci\u00f3n estaba programada desde hacia varios meses.<\/p>\n\n\n\n<p>La<strong>\u00a0cirug\u00eda de cadera<\/strong>\u00a0del presidente brasile\u00f1o,<strong>\u00a0Luiz In\u00e1cio Lula da Silva,<\/strong>\u00a0se realiz\u00f3\u00a0con \u00e9xito y ahora el mandatario est\u00e1 despierto y en buen estado, dijeron sus m\u00e9dicos este viernes por la tarde.<\/p>\n\n\n\n<p><strong>Lula fue operado de una artrosis de cadera provocada por el&nbsp;desgaste extremadamente doloroso del cart\u00edlago de la cabeza de un&nbsp;f\u00e9mur.<\/strong><\/p>\n\n\n\n<p>El procedimiento, que se llev\u00f3 a cabo con anestesia general,&nbsp;tiene como objetivo restablecer la funci\u00f3n de su cadera derecha&nbsp;mediante una artroplastia, que consiste en extraer la cabeza del&nbsp;f\u00e9mur para implantar una pr\u00f3tesis.<\/p>\n\n\n\n<p><strong>La cirug\u00eda transcurri\u00f3 sin contratiempos<\/strong>&nbsp;y Lula no necesitar\u00e1&nbsp;ser ingresado en la Unidad de Cuidados Intensivos (UCI), dijo a&nbsp;periodistas uno de sus m\u00e9dicos,&nbsp;<strong>Roberto Kalil,<\/strong>&nbsp;en una conferencia&nbsp;de prensa.<\/p>\n\n\n\n<p>Lula ha dicho que sufri\u00f3 dolores constantes durante m\u00e1s de un&nbsp;a\u00f1o, aunque esto no le impidi\u00f3 viajar a decenas de pa\u00edses desde&nbsp;que asumi\u00f3 el cargo en enero.<\/p>\n\n\n\n<p><strong>Est\u00e1 previsto que permanezca en el hospital hasta el martes y&nbsp;luego pasar\u00e1 tres semanas recuper\u00e1ndose en la residencia&nbsp;presidencial.<\/strong><\/p>\n\n\n\n<p>&#8220;Tengo que tener un poco de cuidado porque la operaci\u00f3n parece&nbsp;sencilla, pero la fisioterapia y un tratamiento espec\u00edfico son&nbsp;esenciales para la recuperaci\u00f3n&#8221;, dijo a principios de esta semana&nbsp;en una entrevista televisiva. &#8220;Me cuidar\u00e9 mucho. Soy muy&nbsp;optimista&#8221;.<\/p>\n\n\n\n<p><strong>Lula dijo que reci\u00e9n reanudar\u00e1 sus viajes presidenciales al&nbsp;exterior a finales de noviembre, cuando volar\u00e1 a Emiratos \u00c1rabes&nbsp;Unidos para asistir a la reuni\u00f3n mundial sobre el clima COP28.<\/strong><\/p>\n\n\n\n<p>&#8220;Hasta entonces me quedar\u00e9 aqu\u00ed en Brasilia. No podr\u00e9 tomar un&nbsp;avi\u00f3n&#8221;, dijo al canal de televisi\u00f3n gubernamental.<\/p>\n\n\n\n<p>El vicepresidente&nbsp;<strong>Geraldo Alckmin<\/strong>&nbsp;asumir\u00e1 algunas de las&nbsp;funciones y apariciones p\u00fablicas de Lula, pero no hay planes para&nbsp;que se convierta en presidente interino, dijeron funcionarios del&nbsp;Gobierno.<\/p>\n\n\n\n<p><strong>Lula dijo que pospuso la cirug\u00eda porque quer\u00eda asumir el cargo&nbsp;primero y llevar al pa\u00eds de regreso a la normalidad despu\u00e9s de la&nbsp;agitaci\u00f3n pol\u00edtica durante el mandato de su predecesor, Jair&nbsp;Bolsonaro, as\u00ed como reparar la posici\u00f3n internacional de Brasil.&nbsp;<\/strong><\/p>\n\n\n\n<p>&#8220;Quer\u00eda decirle al mundo entero que Brasil ha vuelto&#8221;, afirm\u00f3.<\/p>\n","protected":false},"excerpt":{"rendered":"<p>La intervenci\u00f3n estaba programada desde hacia varios meses. La\u00a0cirug\u00eda de cadera\u00a0del presidente brasile\u00f1o,\u00a0Luiz In\u00e1cio Lula da Silva,\u00a0se realiz\u00f3\u00a0con \u00e9xito y ahora el mandatario est\u00e1 despierto y en buen estado, dijeron&hellip; <\/p>\n","protected":false},"author":4,"featured_media":91758,"comment_status":"closed","ping_status":"open","sticky":false,"template":"","format":"standard","meta":{"footnotes":""},"categories":[11],"tags":[],"class_list":["post-91757","post","type-post","status-publish","format-standard","has-post-thumbnail","hentry","category-internacionales"],"_links":{"self":[{"href":"https:\/\/corrientesdetarde.com\/index.php\/wp-json\/wp\/v2\/posts\/91757","targetHints":{"allow":["GET"]}}],"collection":[{"href":"https:\/\/corrientesdetarde.com\/index.php\/wp-json\/wp\/v2\/posts"}],"about":[{"href":"https:\/\/corrientesdetarde.com\/index.php\/wp-json\/wp\/v2\/types\/post"}],"author":[{"embeddable":true,"href":"https:\/\/corrientesdetarde.com\/index.php\/wp-json\/wp\/v2\/users\/4"}],"replies":[{"embeddable":true,"href":"https:\/\/corrientesdetarde.com\/index.php\/wp-json\/wp\/v2\/comments?post=91757"}],"version-history":[{"count":1,"href":"https:\/\/corrientesdetarde.com\/index.php\/wp-json\/wp\/v2\/posts\/91757\/revisions"}],"predecessor-version":[{"id":91759,"href":"https:\/\/corrientesdetarde.com\/index.php\/wp-json\/wp\/v2\/posts\/91757\/revisions\/91759"}],"wp:featuredmedia":[{"embeddable":true,"href":"https:\/\/corrientesdetarde.com\/index.php\/wp-json\/wp\/v2\/media\/91758"}],"wp:attachment":[{"href":"https:\/\/corrientesdetarde.com\/index.php\/wp-json\/wp\/v2\/media?parent=91757"}],"wp:term":[{"taxonomy":"category","embeddable":true,"href":"https:\/\/corrientesdetarde.com\/index.php\/wp-json\/wp\/v2\/categories?post=91757"},{"taxonomy":"post_tag","embeddable":true,"href":"https:\/\/corrientesdetarde.com\/index.php\/wp-json\/wp\/v2\/tags?post=91757"}],"curies":[{"name":"wp","href":"https:\/\/api.w.org\/{rel}","templated":true}]}}