{"id":91761,"date":"2023-09-30T19:16:19","date_gmt":"2023-09-30T22:16:19","guid":{"rendered":"https:\/\/corrientesdetarde.com\/?p=91761"},"modified":"2023-09-30T19:16:31","modified_gmt":"2023-09-30T22:16:31","slug":"acusan-a-cher-de-contratar-a-cuatro-hombres-para-secuestrar-a-su-hijo","status":"publish","type":"post","link":"https:\/\/corrientesdetarde.com\/index.php\/espectaculos\/acusan-a-cher-de-contratar-a-cuatro-hombres-para-secuestrar-a-su-hijo\/","title":{"rendered":"Acusan a Cher de contratar a cuatro hombres para secuestrar a su hijo"},"content":{"rendered":"\n<p>El hijo de la cantante se encontraba con su esposa y quiso ingresarlo en un centro de rehabilitaci\u00f3n.<\/p>\n\n\n\n<p>La cantante estadounidense&nbsp;<strong>Cher<\/strong>&nbsp;fue acusada de contratar a cuatro hombres para&nbsp;<strong>secuestrar<\/strong>&nbsp;a su propio hijo,&nbsp;<strong>Elijah Blue Allman<\/strong>, de 47 a\u00f1os, quien se encontraba en una habitaci\u00f3n de hotel junto con su esposa cuando cuatro personas entraron para llev\u00e1rselo.&nbsp;<\/p>\n\n\n\n<p>Tras esta situaci\u00f3n,&nbsp;<strong>Marieangela King<\/strong>, la nuera de Cher, acus\u00f3 a la cantante frente al tribunal de&nbsp;<strong>Los \u00c1ngeles<\/strong>&nbsp;el pasado 4 de diciembre de 2022, dos d\u00edas despu\u00e9s del supuesto secuestro.&nbsp;<\/p>\n\n\n\n<p>En la declaraci\u00f3n, King asegur\u00f3 que ella y su esposo estaban intentando recomponer su matrimonio en el&nbsp;<strong>Chateau Marmont Hotel<\/strong>&nbsp;cuando 4 hombres ingresaron en la habitaci\u00f3n y lo sacaron.&nbsp;<\/p>\n\n\n\n<p>La mujer revel\u00f3 que el propio secuestrador le confes\u00f3 que eran enviados por Cher.<strong>&nbsp;\u201cUno de los cuatro hombres que lo llevaron me dijo que fueron contratados por la madre de \u00e9l\u201d<\/strong>, declar\u00f3 King y a\u00f1adi\u00f3:&nbsp;<strong>\u201cEntiendo los esfuerzos de su familia para asegurarse de que \u00e9l est\u00e9 bien y quiero lo mejor para mi esposo\u201d.&nbsp;<\/strong><\/p>\n\n\n\n<figure class=\"wp-block-image\"><img decoding=\"async\" src=\"https:\/\/noticiasargentinas.com\/images\/NA\/Contenidos\/Cher_y_su_hijo.webp\" alt=\"Cher y su hijo\"\/><\/figure>\n\n\n\n<p>Adem\u00e1s, sostuvo que desconoce d\u00f3nde est\u00e1 su esposo: \u201cActualmente&nbsp;<strong>desconozco el bienestar o el paradero de mi marido<\/strong>. Estoy muy preocupada y angustiada por \u00e9l. Desde agosto me han dicho que no se me permite ver o hablar con \u00e9l, que actualmente&nbsp;<strong>est\u00e1 encerrado en un centro de tratamiento que no se me ha revelado<\/strong>. Tambi\u00e9n me han dicho que tampoco tiene acceso a su tel\u00e9fono\u201d.<\/p>\n\n\n\n<p>Los motivos por los que la int\u00e9rprete de<strong>&nbsp;\u201cBelieve\u201d<\/strong>&nbsp;habr\u00eda raptado a su hijo ser\u00edan para internarlo en un centro de rehabilitaci\u00f3n. El personal del hotel se habr\u00eda comunicado con la cantante para avisarle que su hijo pasaba la mayor parte del tiempo bajo los efectos de sustancias.&nbsp;<\/p>\n\n\n\n<p>Posteriormente, el hijo menor de Cher y el fallecido m\u00fasico&nbsp;<strong>Gregg Allman<\/strong>&nbsp;fue internado en un centro de&nbsp;<strong>Pasadena<\/strong>, en&nbsp;<strong>California<\/strong>. Seg\u00fan confes\u00f3 Allman en su momento, ten\u00eda problemas con la&nbsp;<strong>hero\u00edna<\/strong>.&nbsp;<\/p>\n","protected":false},"excerpt":{"rendered":"<p>El hijo de la cantante se encontraba con su esposa y quiso ingresarlo en un centro de rehabilitaci\u00f3n. La cantante estadounidense&nbsp;Cher&nbsp;fue acusada de contratar a cuatro hombres para&nbsp;secuestrar&nbsp;a su propio&hellip; <\/p>\n","protected":false},"author":4,"featured_media":91762,"comment_status":"closed","ping_status":"open","sticky":false,"template":"","format":"standard","meta":{"footnotes":""},"categories":[19],"tags":[],"class_list":["post-91761","post","type-post","status-publish","format-standard","has-post-thumbnail","hentry","category-espectaculos"],"_links":{"self":[{"href":"https:\/\/corrientesdetarde.com\/index.php\/wp-json\/wp\/v2\/posts\/91761","targetHints":{"allow":["GET"]}}],"collection":[{"href":"https:\/\/corrientesdetarde.com\/index.php\/wp-json\/wp\/v2\/posts"}],"about":[{"href":"https:\/\/corrientesdetarde.com\/index.php\/wp-json\/wp\/v2\/types\/post"}],"author":[{"embeddable":true,"href":"https:\/\/corrientesdetarde.com\/index.php\/wp-json\/wp\/v2\/users\/4"}],"replies":[{"embeddable":true,"href":"https:\/\/corrientesdetarde.com\/index.php\/wp-json\/wp\/v2\/comments?post=91761"}],"version-history":[{"count":1,"href":"https:\/\/corrientesdetarde.com\/index.php\/wp-json\/wp\/v2\/posts\/91761\/revisions"}],"predecessor-version":[{"id":91763,"href":"https:\/\/corrientesdetarde.com\/index.php\/wp-json\/wp\/v2\/posts\/91761\/revisions\/91763"}],"wp:featuredmedia":[{"embeddable":true,"href":"https:\/\/corrientesdetarde.com\/index.php\/wp-json\/wp\/v2\/media\/91762"}],"wp:attachment":[{"href":"https:\/\/corrientesdetarde.com\/index.php\/wp-json\/wp\/v2\/media?parent=91761"}],"wp:term":[{"taxonomy":"category","embeddable":true,"href":"https:\/\/corrientesdetarde.com\/index.php\/wp-json\/wp\/v2\/categories?post=91761"},{"taxonomy":"post_tag","embeddable":true,"href":"https:\/\/corrientesdetarde.com\/index.php\/wp-json\/wp\/v2\/tags?post=91761"}],"curies":[{"name":"wp","href":"https:\/\/api.w.org\/{rel}","templated":true}]}}