{"id":91916,"date":"2023-10-01T12:01:50","date_gmt":"2023-10-01T15:01:50","guid":{"rendered":"https:\/\/corrientesdetarde.com\/?p=91916"},"modified":"2023-10-01T12:01:54","modified_gmt":"2023-10-01T15:01:54","slug":"pablo-moyano-durisimo-con-luis-barrionuevo-por-su-acercamiento-a-javier-milei","status":"publish","type":"post","link":"https:\/\/corrientesdetarde.com\/index.php\/politica\/pablo-moyano-durisimo-con-luis-barrionuevo-por-su-acercamiento-a-javier-milei\/","title":{"rendered":"PABLO MOYANO, DUR\u00cdSIMO CON LUIS BARRIONUEVO POR SU ACERCAMIENTO A JAVIER MILEI"},"content":{"rendered":"\n<p>(Pablo Roma, Gremiales) &#8211; \u201cVa a quedar en la historia como un dirigente que traicion\u00f3 al peronismo\u201d, sostuvo el titular del gremio de Camioneros.<\/p>\n\n\n\n<p>El secretario adjunto del Sindicato de Camioneros y cotitular de la CGT, Pablo Moyano, cuestion\u00f3 este viernes en duros t\u00e9rminos al dirigente gastron\u00f3mico Luis Barrionuevo por su acercamiento al candidato de la Libertad Avanza Javier Milei y sostuvo: \u201cVa a quedar en la historia como un dirigente que traicion\u00f3 al peronismo\u201d.<\/p>\n\n\n\n<p>\u201cFue una avanzada de este se\u00f1or (Barrionuevo) que se ha quedado solo. Algunos dirigentes de su espacio est\u00e1n con la CGT y se quieren matar. A mi me dar\u00eda verg\u00fcenza ajena llevar a Camioneros a escuchar un tipo diciendo que te va a sacar esto, esto y esto\u201d, complet\u00f3.<\/p>\n\n\n\n<p>El dirigente de Camioneros asegur\u00f3 que la derogaci\u00f3n del impuesto&nbsp; a las ganancias implica \u201cplata para el laburante que no se va a armar una cuenta como la de Panam\u00e1 Papers o comprar d\u00f3lares\u201d y dijo que la modificaci\u00f3n sancionada por la C\u00e1mara de Senadores \u201cva a reactivar la econom\u00eda interna\u201d.<\/p>\n","protected":false},"excerpt":{"rendered":"<p>(Pablo Roma, Gremiales) &#8211; \u201cVa a quedar en la historia como un dirigente que traicion\u00f3 al peronismo\u201d, sostuvo el titular del gremio de Camioneros. El secretario adjunto del Sindicato de&hellip; <\/p>\n","protected":false},"author":11,"featured_media":91917,"comment_status":"closed","ping_status":"open","sticky":false,"template":"","format":"standard","meta":{"footnotes":""},"categories":[26,3],"tags":[1078,283],"class_list":["post-91916","post","type-post","status-publish","format-standard","has-post-thumbnail","hentry","category-destacados","category-politica","tag-barrionuevo","tag-moyano"],"_links":{"self":[{"href":"https:\/\/corrientesdetarde.com\/index.php\/wp-json\/wp\/v2\/posts\/91916","targetHints":{"allow":["GET"]}}],"collection":[{"href":"https:\/\/corrientesdetarde.com\/index.php\/wp-json\/wp\/v2\/posts"}],"about":[{"href":"https:\/\/corrientesdetarde.com\/index.php\/wp-json\/wp\/v2\/types\/post"}],"author":[{"embeddable":true,"href":"https:\/\/corrientesdetarde.com\/index.php\/wp-json\/wp\/v2\/users\/11"}],"replies":[{"embeddable":true,"href":"https:\/\/corrientesdetarde.com\/index.php\/wp-json\/wp\/v2\/comments?post=91916"}],"version-history":[{"count":1,"href":"https:\/\/corrientesdetarde.com\/index.php\/wp-json\/wp\/v2\/posts\/91916\/revisions"}],"predecessor-version":[{"id":91918,"href":"https:\/\/corrientesdetarde.com\/index.php\/wp-json\/wp\/v2\/posts\/91916\/revisions\/91918"}],"wp:featuredmedia":[{"embeddable":true,"href":"https:\/\/corrientesdetarde.com\/index.php\/wp-json\/wp\/v2\/media\/91917"}],"wp:attachment":[{"href":"https:\/\/corrientesdetarde.com\/index.php\/wp-json\/wp\/v2\/media?parent=91916"}],"wp:term":[{"taxonomy":"category","embeddable":true,"href":"https:\/\/corrientesdetarde.com\/index.php\/wp-json\/wp\/v2\/categories?post=91916"},{"taxonomy":"post_tag","embeddable":true,"href":"https:\/\/corrientesdetarde.com\/index.php\/wp-json\/wp\/v2\/tags?post=91916"}],"curies":[{"name":"wp","href":"https:\/\/api.w.org\/{rel}","templated":true}]}}