{"id":91927,"date":"2023-10-01T18:56:24","date_gmt":"2023-10-01T21:56:24","guid":{"rendered":"https:\/\/corrientesdetarde.com\/?p=91927"},"modified":"2023-10-01T18:56:36","modified_gmt":"2023-10-01T21:56:36","slug":"insolito-circulaba-en-karting-por-una-avenida-y-termino-preso","status":"publish","type":"post","link":"https:\/\/corrientesdetarde.com\/index.php\/policiales\/insolito-circulaba-en-karting-por-una-avenida-y-termino-preso\/","title":{"rendered":"Ins\u00f3lito: circulaba en karting por una avenida y termin\u00f3 preso."},"content":{"rendered":"\n<h2 class=\"wp-block-heading\">Un hombre circulaba a gran velocidad a bordo de un karting por una avenida en Corrientes. El veh\u00edculo no ten\u00eda luces ni cintur\u00f3n de seguridad.<\/h2>\n\n\n\n<p>La Polic\u00eda de Corrientes inform\u00f3 este domingo que demor\u00f3 a un hombre que se encontraba realizando maniobras peligrosas con un karting por avenida Maip\u00fa. El hecho ocurri\u00f3 en la madrugada del s\u00e1bado en inmediaciones de avenida Maip\u00fa y calle Goya.<\/p>\n\n\n\n<p>Seg\u00fan la informaci\u00f3n oficial, los efectivos policiales fueron alertados por el sistema de emergencia 911 que un sujeto circulaba a alta velocidad en un karting para competencia. Adem\u00e1s, el veh\u00edculo no contaba con los elementos de seguridad correspondiente como cintur\u00f3n o luces de se\u00f1alizaci\u00f3n.&nbsp;<\/p>\n\n\n\n<p>Por ello, la polic\u00eda decidi\u00f3 demorar al conductor ya que pon\u00eda en riesgo su vida y la de terceros. Posteriormente, acudieron al lugar personal de Tr\u00e1nsito Municipal para realizar las actas de infracci\u00f3n correspondiente y retirar el veh\u00edculo de la v\u00eda p\u00fablica.<\/p>\n","protected":false},"excerpt":{"rendered":"<p>Un hombre circulaba a gran velocidad a bordo de un karting por una avenida en Corrientes. El veh\u00edculo no ten\u00eda luces ni cintur\u00f3n de seguridad. La Polic\u00eda de Corrientes inform\u00f3&hellip; <\/p>\n","protected":false},"author":6,"featured_media":91930,"comment_status":"closed","ping_status":"open","sticky":false,"template":"","format":"standard","meta":{"footnotes":""},"categories":[33],"tags":[],"class_list":["post-91927","post","type-post","status-publish","format-standard","has-post-thumbnail","hentry","category-policiales"],"_links":{"self":[{"href":"https:\/\/corrientesdetarde.com\/index.php\/wp-json\/wp\/v2\/posts\/91927","targetHints":{"allow":["GET"]}}],"collection":[{"href":"https:\/\/corrientesdetarde.com\/index.php\/wp-json\/wp\/v2\/posts"}],"about":[{"href":"https:\/\/corrientesdetarde.com\/index.php\/wp-json\/wp\/v2\/types\/post"}],"author":[{"embeddable":true,"href":"https:\/\/corrientesdetarde.com\/index.php\/wp-json\/wp\/v2\/users\/6"}],"replies":[{"embeddable":true,"href":"https:\/\/corrientesdetarde.com\/index.php\/wp-json\/wp\/v2\/comments?post=91927"}],"version-history":[{"count":1,"href":"https:\/\/corrientesdetarde.com\/index.php\/wp-json\/wp\/v2\/posts\/91927\/revisions"}],"predecessor-version":[{"id":91931,"href":"https:\/\/corrientesdetarde.com\/index.php\/wp-json\/wp\/v2\/posts\/91927\/revisions\/91931"}],"wp:featuredmedia":[{"embeddable":true,"href":"https:\/\/corrientesdetarde.com\/index.php\/wp-json\/wp\/v2\/media\/91930"}],"wp:attachment":[{"href":"https:\/\/corrientesdetarde.com\/index.php\/wp-json\/wp\/v2\/media?parent=91927"}],"wp:term":[{"taxonomy":"category","embeddable":true,"href":"https:\/\/corrientesdetarde.com\/index.php\/wp-json\/wp\/v2\/categories?post=91927"},{"taxonomy":"post_tag","embeddable":true,"href":"https:\/\/corrientesdetarde.com\/index.php\/wp-json\/wp\/v2\/tags?post=91927"}],"curies":[{"name":"wp","href":"https:\/\/api.w.org\/{rel}","templated":true}]}}