{"id":91932,"date":"2023-10-01T19:08:05","date_gmt":"2023-10-01T22:08:05","guid":{"rendered":"https:\/\/corrientesdetarde.com\/?p=91932"},"modified":"2023-10-01T19:08:17","modified_gmt":"2023-10-01T22:08:17","slug":"salud-equipan-hospitales-y-capacitan-personal-para-prevenir-y-combatir-incendios","status":"publish","type":"post","link":"https:\/\/corrientesdetarde.com\/index.php\/locales\/salud-equipan-hospitales-y-capacitan-personal-para-prevenir-y-combatir-incendios\/","title":{"rendered":"Salud: equipan hospitales y capacitan personal para prevenir y combatir incendios."},"content":{"rendered":"\n<h2 class=\"wp-block-heading\">Este a\u00f1o se puso en marcha el programa Hospitales Seguros, que comprende la adquisici\u00f3n e instalaci\u00f3n de equipos extintores de gran potencial y otros elementos de protecci\u00f3n. La tarea se complementa con talleres pr\u00e1cticos para los agentes y planes de evacuaci\u00f3n.<\/h2>\n\n\n\n<p>En abril, el Ministerio de Salud P\u00fablica de la Provincia, a trav\u00e9s de la Direcci\u00f3n General de Administraci\u00f3n, puso en marcha el Programa &#8220;Hospitales Seguros&#8221;. Se trata de un plan integral y pr\u00e1ctico para prevenir y combatir focos \u00edgneos en los centros de salud. En ese marco, se adquirieron e instalaron equipos extintores de gran potencial y elementos de protecci\u00f3n; y se revalidaron planes de evacuaci\u00f3n, con capacitaciones te\u00f3ricas y pr\u00e1cticas para el personal.<\/p>\n\n\n\n<p>El programa incluye a hospitales de la capital, aunque el trabajo de reequipamiento se lleva adelante en todo el interior de la provincia desde el a\u00f1o pasado.<\/p>\n\n\n\n<p>Durante agosto, en el hospital Pedi\u00e1trico &#8220;Juan Pablo II&#8221;, se instalaron extintores de gran potencial y detectores de humo de cabezal fotoel\u00e9ctrico en distintos sectores. Adem\u00e1s, se agregaron elementos de protecci\u00f3n colectiva y se instalaron alarmas de incendio con pulsadores autom\u00e1ticos de \u00faltima generaci\u00f3n, una de ellas fonolum\u00ednica de emisi\u00f3n sonora de 95 dBc con pulsador manual, para ser accionado en caso de incendio.<\/p>\n\n\n\n<p>La tarea incluy\u00f3 la realizaci\u00f3n del plan de evacuaci\u00f3n, medici\u00f3n de puesta a tierra, c\u00e1lculo de carga de fuego y capacitaci\u00f3n para el personal de mantenimiento, entre otras actividades.<\/p>\n\n\n\n<p>Anteriormente, el mismo trabajo se realiz\u00f3 en los hospitales &#8220;Juan Ram\u00f3n Vidal&#8221;, Materno Neonatal &#8220;Elo\u00edsa Torrent de Vidal&#8221;; y en el Escuela &#8220;Jos\u00e9 F. de San Mart\u00edn&#8221;. Pr\u00f3ximamente, el programa llegar\u00e1 a los hospitales &#8220;\u00c1ngela Iglesia de Llano&#8221; y al de Salud Mental &#8220;San Francisco de As\u00eds&#8221;.<\/p>\n\n\n\n<p>Capacitaciones<\/p>\n\n\n\n<p>&#8220;Un eje importante del programa es que el personal de los centros de salud adquiera conocimientos b\u00e1sicos sobre las herramientas de prevenci\u00f3n y protecci\u00f3n ante incendios y que sean capaces de actuar en funci\u00f3n de un plan de emergencia integral y pr\u00e1ctico para una evacuaci\u00f3n segura que garantice el efectivo cumplimiento del derecho a la salud y seguridad de pacientes y trabajadores&#8221;, dijo &nbsp;Francisco Fern\u00e1ndez, director general de Administraci\u00f3n.<\/p>\n\n\n\n<p>Por eso, cada intervenci\u00f3n, adem\u00e1s de la instalaci\u00f3n de equipos y elementos de seguridad, incluye &nbsp;capacitaciones te\u00f3ricas y pr\u00e1cticas sobre la funcionalidad y el uso adecuado de los distintos elementos; la distribuci\u00f3n de roles y la puesta en com\u00fan del plan de evacuaci\u00f3n.<\/p>\n\n\n\n<p>&#8220;El Gobierno de Corrientes, a trav\u00e9s del Ministerio de Salud P\u00fablica, asigna los recursos que sean necesarios para garantizar un sistema de salud seguro, que garantice un servicio de calidad y al alcance de todos&#8221;, indic\u00f3 Fern\u00e1ndez.<\/p>\n\n\n\n<p>En el interior<\/p>\n\n\n\n<p>En enero de este a\u00f1o, adem\u00e1s de la instalaci\u00f3n de extintores y de elementos de seguridad, se realiz\u00f3 una capacitaci\u00f3n te\u00f3rica\/pr\u00e1ctica sobre el Uso del Extintor: teor\u00eda del fuego y plan de evacuaci\u00f3n, en el hospital Ricardo Billinghurts, de la localidad de Ituzaing\u00f3. En febrero, el taller &nbsp;tuvo lugar en los hospitales &#8220;San Juan Bautista&#8221;, de Santo Tom\u00e9; y &#8220;Dr. Fernando Irastorza&#8221;, de Curuz\u00fa Cuati\u00e1.<\/p>\n\n\n\n<p>Estos espacios forman parte de un plan de acci\u00f3n que articula el ministro de Salud P\u00fablica, Ricardo Cardozo, en consonancia con las diversas acciones que puso en marcha el gobernador de la provincia, Gustavo Vald\u00e9s, para disponer de los recursos necesarios para prevenir y\/o afrontar posibles incendios.<\/p>\n\n\n\n<p>En Santo Tom\u00e9, adem\u00e1s del equipamiento nuevo y de la capacitaci\u00f3n pr\u00e1ctica sobre uso del extintor y roles de evacuaci\u00f3n para el personal de mantenimiento, se repas\u00f3 el plan de evacuaci\u00f3n establecido el a\u00f1o pasado y se present\u00f3 el plano de incendio en portugu\u00e9s y espa\u00f1ol.<\/p>\n\n\n\n<p>En Curuz\u00fa Cuati\u00e1 se realiz\u00f3 una revalidaci\u00f3n del plan de evacuaci\u00f3n y el c\u00e1lculo de carga de fuego, en el marco de un taller te\u00f3rico y pr\u00e1ctico respecto al uso de extintores y distribuci\u00f3n de roles de emergencia.<\/p>\n\n\n\n<p>La tarea tambi\u00e9n se realiz\u00f3 en los centros de salud de San Luis del Palmar, Cecilio Echeverr\u00eda, La Cruz, San Carlos, Santa Rosa, Sauce y Paso de los Libres.<\/p>\n","protected":false},"excerpt":{"rendered":"<p>Este a\u00f1o se puso en marcha el programa Hospitales Seguros, que comprende la adquisici\u00f3n e instalaci\u00f3n de equipos extintores de gran potencial y otros elementos de protecci\u00f3n. La tarea se&hellip; <\/p>\n","protected":false},"author":6,"featured_media":91937,"comment_status":"closed","ping_status":"open","sticky":false,"template":"","format":"standard","meta":{"footnotes":""},"categories":[8],"tags":[],"class_list":["post-91932","post","type-post","status-publish","format-standard","has-post-thumbnail","hentry","category-locales"],"_links":{"self":[{"href":"https:\/\/corrientesdetarde.com\/index.php\/wp-json\/wp\/v2\/posts\/91932","targetHints":{"allow":["GET"]}}],"collection":[{"href":"https:\/\/corrientesdetarde.com\/index.php\/wp-json\/wp\/v2\/posts"}],"about":[{"href":"https:\/\/corrientesdetarde.com\/index.php\/wp-json\/wp\/v2\/types\/post"}],"author":[{"embeddable":true,"href":"https:\/\/corrientesdetarde.com\/index.php\/wp-json\/wp\/v2\/users\/6"}],"replies":[{"embeddable":true,"href":"https:\/\/corrientesdetarde.com\/index.php\/wp-json\/wp\/v2\/comments?post=91932"}],"version-history":[{"count":1,"href":"https:\/\/corrientesdetarde.com\/index.php\/wp-json\/wp\/v2\/posts\/91932\/revisions"}],"predecessor-version":[{"id":91938,"href":"https:\/\/corrientesdetarde.com\/index.php\/wp-json\/wp\/v2\/posts\/91932\/revisions\/91938"}],"wp:featuredmedia":[{"embeddable":true,"href":"https:\/\/corrientesdetarde.com\/index.php\/wp-json\/wp\/v2\/media\/91937"}],"wp:attachment":[{"href":"https:\/\/corrientesdetarde.com\/index.php\/wp-json\/wp\/v2\/media?parent=91932"}],"wp:term":[{"taxonomy":"category","embeddable":true,"href":"https:\/\/corrientesdetarde.com\/index.php\/wp-json\/wp\/v2\/categories?post=91932"},{"taxonomy":"post_tag","embeddable":true,"href":"https:\/\/corrientesdetarde.com\/index.php\/wp-json\/wp\/v2\/tags?post=91932"}],"curies":[{"name":"wp","href":"https:\/\/api.w.org\/{rel}","templated":true}]}}