{"id":91933,"date":"2023-10-01T19:19:44","date_gmt":"2023-10-01T22:19:44","guid":{"rendered":"https:\/\/corrientesdetarde.com\/?p=91933"},"modified":"2023-10-01T19:19:55","modified_gmt":"2023-10-01T22:19:55","slug":"milei-anuncio-que-un-exfuncionario-de-macri-y-de-alberto-fernandez-sera-secretario-de-trabajo-si-gana","status":"publish","type":"post","link":"https:\/\/corrientesdetarde.com\/index.php\/politica\/milei-anuncio-que-un-exfuncionario-de-macri-y-de-alberto-fernandez-sera-secretario-de-trabajo-si-gana\/","title":{"rendered":"Milei anunci\u00f3 que un exfuncionario de Macri y de Alberto Fern\u00e1ndez ser\u00e1 secretario de Trabajo si gana."},"content":{"rendered":"\n<h2 class=\"wp-block-heading\">En la previa del debate, el libertario confirm\u00f3 a Gustavo Mor\u00f3n. Estar\u00eda dentro del Ministerio de Capital Humano.<\/h2>\n\n\n\n<p>El candidato presidencial de La Libertad Avanza,&nbsp;<strong>Javier Milei<\/strong>, anunci\u00f3 a su futuro secretario de Trabajo en caso de llegar al sill\u00f3n de Rivadavia. Se trata del exfuncionario que estuvo en las gestiones de Macri y Alberto Fern\u00e1ndez, Gustavo Mor\u00f3n. Estuvo a cargo de la superintendencia de Riesgos del Trabajo y dej\u00f3 su cargo en 2021.<\/p>\n\n\n\n<p>\u201cAqu\u00ed a punto de arrancar el debate con el futuro Secretario de Trabajo (Min. de Capital Humano) Gustavo Mor\u00f3n\u201d, expres\u00f3 en sus redes.<\/p>\n\n\n\n<p>Durante su gesti\u00f3n, se logr\u00f3 la sanci\u00f3n de la Ley 27.348 complementaria de la Ley sobre Riesgos del Trabajo y la redacci\u00f3n del anteproyecto de Ley de Protecci\u00f3n y Prevenci\u00f3n Laboral. Adem\u00e1s fue presidente de la Comisi\u00f3n Americana de Riesgos de Trabajo (CAPRT) de la Conferencia Interamericana de Seguridad Social (CISS).<\/p>\n\n\n\n<p>Mor\u00f3n tambi\u00e9n fue asesor del Ministerio de Justicia y Seguridad de CABA en lo referido al dise\u00f1o y ejecuci\u00f3n de los procesos de control en el sistema de seguridad p\u00fablica. Asimismo fue auditor externo policial de la Polic\u00eda Metropolitana.<\/p>\n\n\n\n<p>Adem\u00e1s, tiene una maestr\u00eda en Pol\u00edticas P\u00fablicas de la Universidad Torcuato Di Tella. Y fue becario del Banco Interamericano de Desarrollo (BID). A su vez es Contador P\u00fablico egresado de la Facultad de Ciencias Econ\u00f3micas de la Universidad de Belgrano.<\/p>\n\n\n\n<p><\/p>\n\n\n\n<p><em>Fuente: Todo Noticias.<\/em><\/p>\n","protected":false},"excerpt":{"rendered":"<p>En la previa del debate, el libertario confirm\u00f3 a Gustavo Mor\u00f3n. Estar\u00eda dentro del Ministerio de Capital Humano. El candidato presidencial de La Libertad Avanza,&nbsp;Javier Milei, anunci\u00f3 a su futuro&hellip; <\/p>\n","protected":false},"author":6,"featured_media":91940,"comment_status":"closed","ping_status":"open","sticky":false,"template":"","format":"standard","meta":{"footnotes":""},"categories":[3],"tags":[],"class_list":["post-91933","post","type-post","status-publish","format-standard","has-post-thumbnail","hentry","category-politica"],"_links":{"self":[{"href":"https:\/\/corrientesdetarde.com\/index.php\/wp-json\/wp\/v2\/posts\/91933","targetHints":{"allow":["GET"]}}],"collection":[{"href":"https:\/\/corrientesdetarde.com\/index.php\/wp-json\/wp\/v2\/posts"}],"about":[{"href":"https:\/\/corrientesdetarde.com\/index.php\/wp-json\/wp\/v2\/types\/post"}],"author":[{"embeddable":true,"href":"https:\/\/corrientesdetarde.com\/index.php\/wp-json\/wp\/v2\/users\/6"}],"replies":[{"embeddable":true,"href":"https:\/\/corrientesdetarde.com\/index.php\/wp-json\/wp\/v2\/comments?post=91933"}],"version-history":[{"count":1,"href":"https:\/\/corrientesdetarde.com\/index.php\/wp-json\/wp\/v2\/posts\/91933\/revisions"}],"predecessor-version":[{"id":91941,"href":"https:\/\/corrientesdetarde.com\/index.php\/wp-json\/wp\/v2\/posts\/91933\/revisions\/91941"}],"wp:featuredmedia":[{"embeddable":true,"href":"https:\/\/corrientesdetarde.com\/index.php\/wp-json\/wp\/v2\/media\/91940"}],"wp:attachment":[{"href":"https:\/\/corrientesdetarde.com\/index.php\/wp-json\/wp\/v2\/media?parent=91933"}],"wp:term":[{"taxonomy":"category","embeddable":true,"href":"https:\/\/corrientesdetarde.com\/index.php\/wp-json\/wp\/v2\/categories?post=91933"},{"taxonomy":"post_tag","embeddable":true,"href":"https:\/\/corrientesdetarde.com\/index.php\/wp-json\/wp\/v2\/tags?post=91933"}],"curies":[{"name":"wp","href":"https:\/\/api.w.org\/{rel}","templated":true}]}}