{"id":91934,"date":"2023-10-01T18:59:21","date_gmt":"2023-10-01T21:59:21","guid":{"rendered":"https:\/\/corrientesdetarde.com\/?p=91934"},"modified":"2023-10-01T18:59:27","modified_gmt":"2023-10-01T21:59:27","slug":"inicia-la-etapa-final-del-juicio-a-la-vii-brigada-por-crimenes-de-la-dictadura","status":"publish","type":"post","link":"https:\/\/corrientesdetarde.com\/index.php\/crimen-y-justicia\/inicia-la-etapa-final-del-juicio-a-la-vii-brigada-por-crimenes-de-la-dictadura\/","title":{"rendered":"Inicia la etapa final del juicio a la VII Brigada por cr\u00edmenes de la dictadura."},"content":{"rendered":"\n<h2 class=\"wp-block-heading\">El juicio m\u00e1s importante de la historia de Corrientes est\u00e1 cerca de llegar a su fin. Hay m\u00e1s de 100 v\u00edctimas que esperan justicia.<\/h2>\n\n\n\n<p>El juicio por cr\u00edmenes de lesa humanidad cometidos por el comando de la VII Brigada en Corrientes durante la \u00faltima dictadura ingresar\u00e1 ma\u00f1ana en su etapa final con el inicio de los alegatos y se dirige a una sentencia prevista, en principio, para el viernes pr\u00f3ximo, informaron fuentes judiciales.<\/p>\n\n\n\n<p>Este lunes 2 de octubre el Tribunal Oral Federal de Corrientes dar\u00e1 inicio a la etapa de alegatos con los planteos que realizar\u00e1n, por un lado, la Fiscal\u00eda Federal con la participaci\u00f3n de Flavio Ferrini &#8211; su titular- y los adjuntos Diego Vigay y Juan Pedro Resoagli.<\/p>\n\n\n\n<p>Asimismo, se prev\u00e9 a continuaci\u00f3n el alegato de la querella de la Secretar\u00eda de Derechos Humanos de la Naci\u00f3n, representada por el abogado Manuel Brest Enjuanes.<\/p>\n\n\n\n<p>Para el mi\u00e9rcoles 4 de octubre se planific\u00f3 que inicien las respuestas de las defensas correspondientes a nueve represores que intervinieron en diversas etapas del circuito que sostuvo el comando de la VII Brigada en Corrientes.<\/p>\n\n\n\n<p>De ese modo se espera que el viernes 6 de octubre se dicte sentencia, seg\u00fan informaron hoy a T\u00e9lam fuentes de la causa.<\/p>\n\n\n\n<p>Previo a la etapa de alegatos, se cumplieron 12 audiencias con rondas testimoniales y se concretaron dos inspecciones oculares a centros clandestinos de detenci\u00f3n y exterminio que funcionaron en la ciudad de Corrientes.<\/p>\n\n\n\n<p>Por un lado, se inspeccion\u00f3 el exRegimiento de Infanter\u00eda 9, donde hoy funciona el Espacio de Memoria de la ciudad de Corrientes, y el mi\u00e9rcoles \u00faltimo por primera vez se inspeccion\u00f3 junto a los sobrevivientes Vicente Ferrer Rodr\u00edguez y Juan Silva Casanova la Jefatura de Polic\u00eda de la Provincia, donde funcionaron una alcaid\u00eda y un \u00e1rea militar en la Brigada de Investigaciones.<\/p>\n\n\n\n<p>En tanto, el mi\u00e9rcoles \u00faltimo, 27 de septiembre, declararon ante el tribunal los sobrevivientes Ram\u00f3n Cura y Guadalupe Arqueros.<\/p>\n\n\n\n<p>Cura hab\u00eda sufrido el cautiverio y las torturas desde el 17 de noviembre de 1976 hasta 1983, luego de ser secuestrado en la pensi\u00f3n donde viv\u00eda en la capital correntina, donde lleg\u00f3 desde la provincia de Misiones para estudiar medicina en la Universidad Nacional del Nordeste.<\/p>\n\n\n\n<p>Al momento de ser secuestrado cursaba el segundo a\u00f1o de la carrera y militaba en la Juventud Universitaria Peronista (JUP).<\/p>\n\n\n\n<p>Y Guadalupe Arqueros fue secuestrada cuando ten\u00eda 10 a\u00f1os de vida junto a su madre, la militante Judith Casco, quien, a su vez, era pareja del dirigente desaparecido Joaqu\u00edn &#8220;Bocha&#8221; Arqueros.<\/p>\n\n\n\n<p>El juicio a la VII Brigada es el d\u00e9cimo proceso que se realiza en Corrientes por cr\u00edmenes de lesa humanidad y comprende un circuito represivo desarrollado en una serie de centros clandestinos de detenci\u00f3n y exterminio por donde seg\u00fan registr\u00f3 la denuncia, pasaron al menos 104 v\u00edctimas entre las que se encuentran dos ni\u00f1os, dos homicidios y ocho personas permanecen desaparecidas.<\/p>\n","protected":false},"excerpt":{"rendered":"<p>El juicio m\u00e1s importante de la historia de Corrientes est\u00e1 cerca de llegar a su fin. Hay m\u00e1s de 100 v\u00edctimas que esperan justicia. El juicio por cr\u00edmenes de lesa&hellip; <\/p>\n","protected":false},"author":6,"featured_media":91935,"comment_status":"closed","ping_status":"open","sticky":false,"template":"","format":"standard","meta":{"footnotes":""},"categories":[5],"tags":[],"class_list":["post-91934","post","type-post","status-publish","format-standard","has-post-thumbnail","hentry","category-crimen-y-justicia"],"_links":{"self":[{"href":"https:\/\/corrientesdetarde.com\/index.php\/wp-json\/wp\/v2\/posts\/91934","targetHints":{"allow":["GET"]}}],"collection":[{"href":"https:\/\/corrientesdetarde.com\/index.php\/wp-json\/wp\/v2\/posts"}],"about":[{"href":"https:\/\/corrientesdetarde.com\/index.php\/wp-json\/wp\/v2\/types\/post"}],"author":[{"embeddable":true,"href":"https:\/\/corrientesdetarde.com\/index.php\/wp-json\/wp\/v2\/users\/6"}],"replies":[{"embeddable":true,"href":"https:\/\/corrientesdetarde.com\/index.php\/wp-json\/wp\/v2\/comments?post=91934"}],"version-history":[{"count":1,"href":"https:\/\/corrientesdetarde.com\/index.php\/wp-json\/wp\/v2\/posts\/91934\/revisions"}],"predecessor-version":[{"id":91936,"href":"https:\/\/corrientesdetarde.com\/index.php\/wp-json\/wp\/v2\/posts\/91934\/revisions\/91936"}],"wp:featuredmedia":[{"embeddable":true,"href":"https:\/\/corrientesdetarde.com\/index.php\/wp-json\/wp\/v2\/media\/91935"}],"wp:attachment":[{"href":"https:\/\/corrientesdetarde.com\/index.php\/wp-json\/wp\/v2\/media?parent=91934"}],"wp:term":[{"taxonomy":"category","embeddable":true,"href":"https:\/\/corrientesdetarde.com\/index.php\/wp-json\/wp\/v2\/categories?post=91934"},{"taxonomy":"post_tag","embeddable":true,"href":"https:\/\/corrientesdetarde.com\/index.php\/wp-json\/wp\/v2\/tags?post=91934"}],"curies":[{"name":"wp","href":"https:\/\/api.w.org\/{rel}","templated":true}]}}