{"id":91944,"date":"2023-10-01T19:30:20","date_gmt":"2023-10-01T22:30:20","guid":{"rendered":"https:\/\/corrientesdetarde.com\/?p=91944"},"modified":"2023-10-01T19:30:24","modified_gmt":"2023-10-01T22:30:24","slug":"debate-presidencial-2023-hora-y-donde-verlo-en-vivo","status":"publish","type":"post","link":"https:\/\/corrientesdetarde.com\/index.php\/politica\/debate-presidencial-2023-hora-y-donde-verlo-en-vivo\/","title":{"rendered":"Debate presidencial 2023: hora y d\u00f3nde verlo en vivo."},"content":{"rendered":"\n<h2 class=\"wp-block-heading\">Sergio Massa, Javier Milei, Patricia Bullrich,\u00a0Juan Schiaretti y Myriam Bregman participan del debate de candidatos a presidente organizado por la C\u00e1mara Nacional Electoral.<\/h2>\n\n\n\n<p><strong><br>El primer\u00a0Debate Presidencial 2023\u00a0<\/strong>organizado por la\u00a0C\u00e1mara Nacional Electoral\u00a0(CNE) se realiza este domingo 1 de octubre en la\u00a0Universidad Nacional de Santiago del Estero y se podr\u00e1 seguir en\u00a0<strong>directo desde las 21.\u00a0<\/strong>Rodolfo Barili, Evangelina Ramallo, Esteban Mirol y Lucila Trujillo son los periodistas que van a moderar el intercambio entre los candidatos.<\/p>\n\n\n\n<p>\u00bfA QU\u00c9 HORA Y D\u00d3NDE VER EL DEBATE PRESIDENCIAL 2023?<\/p>\n\n\n\n<p>La transmisi\u00f3n del\u00a0Debate Presidencial 2023\u00a0<strong>comienza a las 21<\/strong>\u00a0y se estima que tendr\u00e1 una duraci\u00f3n m\u00e1xima de dos horas.<\/p>\n\n\n\n<p>La transmisi\u00f3n la realizan\u00a0la Televisi\u00f3n P\u00fablica y Radio Nacional,\u00a0<strong>medios pertenecientes a Radio y Televisi\u00f3n Argentina\u00a0<\/strong>(RTA S.E.), que en forma gratuita pondr\u00e1n la\u00a0se\u00f1al a disposici\u00f3n todos los otros medios p\u00fablicos y privados que deseen transmitir en simult\u00e1neo.<\/p>\n\n\n\n<p>\u00bfQUI\u00c9NES PARTICIPAN DEL DEBATE?<\/p>\n\n\n\n<p>En el debate presidencial 2023\u00a0de este domingo 1 de octubre participan:<\/p>\n\n\n\n<h3 class=\"wp-block-heading\"><strong>Javier Milei\u00a0<\/strong>(La Libertad Avanza)<\/h3>\n\n\n\n<h3 class=\"wp-block-heading\"><strong>Juan Schiaretti<\/strong>\u00a0(Hacemos por Nuestro Pa\u00eds)<\/h3>\n\n\n\n<h3 class=\"wp-block-heading\"><strong>Myriam Bregman<\/strong>\u00a0(Frente de Izquierda Unidad)<\/h3>\n\n\n\n<h3 class=\"wp-block-heading\"><strong>Sergio Massa\u00a0<\/strong>(Uni\u00f3n por la Patria)<\/h3>\n\n\n\n<h3 class=\"wp-block-heading\"><strong>Patricia Bullrich\u00a0<\/strong>(Juntos por el Cambio)<\/h3>\n\n\n\n<p>\u00bfCU\u00c1LES SON LOS EJES TEM\u00c1TICOS DEL DEBATE PRESIDENCIAL 2023?<\/p>\n\n\n\n<p>Los<strong>&nbsp;ejes tem\u00e1ticos<\/strong>&nbsp;en el primer debate del&nbsp;<strong>1 de octubre<\/strong>&nbsp;en&nbsp;<strong>Santiago del Estero&nbsp;<\/strong>son:<\/p>\n\n\n\n<h3 class=\"wp-block-heading\"><strong>Econom\u00eda<\/strong><\/h3>\n\n\n\n<h3 class=\"wp-block-heading\"><strong>Educaci\u00f3n<\/strong><\/h3>\n\n\n\n<h3 class=\"wp-block-heading\"><strong>Derechos humanos y convivencia democr\u00e1tica<\/strong><\/h3>\n\n\n\n<p>El tercer eje fue elegido por la ciudadan\u00eda en una votaci\u00f3n on line.<\/p>\n\n\n\n<p>\u00bfQUI\u00c9N ORGANIZA EL DEBATE PRESIDENCIAL?<\/p>\n\n\n\n<p>La Ley Electoral establece que la\u00a0C\u00e1mara Nacional Electoral\u00a0(CNE) es la encargada de organizar los debates presidenciales. Para las\u00a0<strong>Elecciones Nacionales 2023\u00a0<\/strong>est\u00e1n previstos, al menos, dos\u00a0debates.<\/p>\n\n\n\n<h3 class=\"wp-block-heading\">Primer debate presidencial<\/h3>\n\n\n\n<p>Previsto para el domingo&nbsp;<strong>1 de octubre<\/strong>&nbsp;en la Universidad Nacional de Santiago del Estero.<\/p>\n\n\n\n<h3 class=\"wp-block-heading\">Segundo debate presidencial<\/h3>\n\n\n\n<p>Ser\u00e1 el domingo&nbsp;<strong>8 de octubre<\/strong>&nbsp;en la&nbsp;<strong>Facultad de Derecho de la Universidad de Buenos Aires<\/strong>.<\/p>\n\n\n\n<h3 class=\"wp-block-heading\">Tercer debate presidencial<\/h3>\n\n\n\n<p>Ante una eventual segunda vuelta, est\u00e1 previsto que se realice un tercer debate, el\u00a0<strong>12 de noviembre\u00a0<\/strong>en la misma sede de la UBA.<\/p>\n\n\n\n<p><\/p>\n","protected":false},"excerpt":{"rendered":"<p>Sergio Massa, Javier Milei, Patricia Bullrich,\u00a0Juan Schiaretti y Myriam Bregman participan del debate de candidatos a presidente organizado por la C\u00e1mara Nacional Electoral. El primer\u00a0Debate Presidencial 2023\u00a0organizado por la\u00a0C\u00e1mara Nacional&hellip; <\/p>\n","protected":false},"author":6,"featured_media":91947,"comment_status":"closed","ping_status":"open","sticky":false,"template":"","format":"standard","meta":{"footnotes":""},"categories":[3],"tags":[],"class_list":["post-91944","post","type-post","status-publish","format-standard","has-post-thumbnail","hentry","category-politica"],"_links":{"self":[{"href":"https:\/\/corrientesdetarde.com\/index.php\/wp-json\/wp\/v2\/posts\/91944","targetHints":{"allow":["GET"]}}],"collection":[{"href":"https:\/\/corrientesdetarde.com\/index.php\/wp-json\/wp\/v2\/posts"}],"about":[{"href":"https:\/\/corrientesdetarde.com\/index.php\/wp-json\/wp\/v2\/types\/post"}],"author":[{"embeddable":true,"href":"https:\/\/corrientesdetarde.com\/index.php\/wp-json\/wp\/v2\/users\/6"}],"replies":[{"embeddable":true,"href":"https:\/\/corrientesdetarde.com\/index.php\/wp-json\/wp\/v2\/comments?post=91944"}],"version-history":[{"count":1,"href":"https:\/\/corrientesdetarde.com\/index.php\/wp-json\/wp\/v2\/posts\/91944\/revisions"}],"predecessor-version":[{"id":91948,"href":"https:\/\/corrientesdetarde.com\/index.php\/wp-json\/wp\/v2\/posts\/91944\/revisions\/91948"}],"wp:featuredmedia":[{"embeddable":true,"href":"https:\/\/corrientesdetarde.com\/index.php\/wp-json\/wp\/v2\/media\/91947"}],"wp:attachment":[{"href":"https:\/\/corrientesdetarde.com\/index.php\/wp-json\/wp\/v2\/media?parent=91944"}],"wp:term":[{"taxonomy":"category","embeddable":true,"href":"https:\/\/corrientesdetarde.com\/index.php\/wp-json\/wp\/v2\/categories?post=91944"},{"taxonomy":"post_tag","embeddable":true,"href":"https:\/\/corrientesdetarde.com\/index.php\/wp-json\/wp\/v2\/tags?post=91944"}],"curies":[{"name":"wp","href":"https:\/\/api.w.org\/{rel}","templated":true}]}}