{"id":91945,"date":"2023-10-01T19:57:56","date_gmt":"2023-10-01T22:57:56","guid":{"rendered":"https:\/\/corrientesdetarde.com\/?p=91945"},"modified":"2023-10-01T19:58:07","modified_gmt":"2023-10-01T22:58:07","slug":"tragico-incendio-en-una-zona-de-discotecas-en-murcia","status":"publish","type":"post","link":"https:\/\/corrientesdetarde.com\/index.php\/internacionales\/tragico-incendio-en-una-zona-de-discotecas-en-murcia\/","title":{"rendered":"Tr\u00e1gico incendio en una zona de discotecas en Murcia."},"content":{"rendered":"\n<h2 class=\"wp-block-heading\">Los servicios de rescate todav\u00eda trabajan en la zona para localizar a las personas que se encuentran desaparecidas. Diez de las v\u00edctimas, que podr\u00edan aumentar, todav\u00eda no han sido identificadas y se desconocen las causas de un suceso cuya investigaci\u00f3n se presume larga y compleja.<\/h2>\n\n\n\n<p>Ni en sus peores presagios, ni una sola de todas las personas que hab\u00edan acudido durante la noche del s\u00e1bado y la madrugada del domingo a\u00a0<strong>Las Atalayas<\/strong>, el principal pol\u00edgono de ocio nocturno de Murcia, para disfrutar de la fiesta en alguna de sus discotecas hubiera podido imaginar la tragedia que all\u00ed se vivir\u00eda al amanecer. De repente, la m\u00fasica y la celebraci\u00f3n dieron paso al terror y las llamas. Al infierno de un incendio que se extendi\u00f3 por tres de los locales y que ha dejado\u00a0<strong>al menos 13 fallecidos, 10 aun sin identificar,<\/strong>\u00a0y cuatro heridos, tal y como han confirmado las autoridades. A \u00faltima hora de la noche del domingo, 70 efectivos de bomberos todav\u00eda trabajaban peinando a fondo la zona para localizar a cinco personas que a\u00fan est\u00e1n en paradero desconocido, seg\u00fan inform\u00f3 la vicealcaldesa de Murcia, Rebeca P\u00e9rez. Adem\u00e1s, hay 24 heridos leves por quemaduras e intoxicaci\u00f3n por inhalaci\u00f3n de humos, todos dados de alta.\u00a0<strong>El tr\u00e1gico incendio de Murcia es ya el m\u00e1s mort\u00edfero registrado en Espa\u00f1a en un local de ocio desde 1990<\/strong>, cuando 43 personas perdieron la vida en la discoteca\u00a0<em>Flying\u00a0<\/em>de Zaragoza.<\/p>\n\n\n\n<p>El fuego se declar\u00f3 en torno a las 6.00 horas en la sala<strong>\u00a0Fonda Milagros<\/strong>\u00a0para extenderse a continuaci\u00f3n a otros dos locales contiguos,\u00a0<strong>Teatre y Gonden<\/strong>. Las primeras llamadas alertando de las llamas no se hicieron esperar y r\u00e1pidamente se desplazaron hasta la zona varias dotaciones de bomberos \u2013que sofocaron el fuego en torno a las 10.00 horas\u2013, as\u00ed como ambulancias medicalizadas y de transporte para atender a los heridos. Aunque de inicio todas las sospechas apuntaron a la sala Teatre, un local que ya en 2009 tuvo que ser desalojado por un incendio que no provoc\u00f3 da\u00f1os personales, finalmente la Polic\u00eda inform\u00f3 de que el fuego se desat\u00f3 en la Fonda Milagros.<strong>\u00a0Se desconocen las causas que provocaron las llamas<\/strong>\u00a0y la investigaci\u00f3n, que se antoja larga. \u201cEs pronto para saberlo; est\u00e1 en manos de Polic\u00eda Cient\u00edfica y Judicial\u201d, dijo el jefe del Servicio de Bomberos de Murcia.<\/p>\n\n\n\n<p>Ahora mismo, tal y como ha reconocido el portavoz de la Polic\u00eda Nacional en Murcia, el subinspector Diego Seral, la investigaci\u00f3n est\u00e1 centrada en la l\u00ednea de \u201clocalizar a las personas desaparecidas que ya est\u00e9n siendo atendidas en los centros sanitarios o aquellas que desgraciadamente se puedan ya identificar como personas fallecidas\u201d. A \u00faltima hora de la tarde del domingo, el alcalde la ciudad, Jos\u00e9 Ballesta, ha confirmado que&nbsp;<strong>tres de las 13 v\u00edctimas mortales han sido identificadas gracias a su huella dactilar<\/strong>, sin embargo, habr\u00e1 que esperar para las otras diez, ya que se requerir\u00e1 una prueba de ADN de un familiar.<\/p>\n\n\n\n<p>Adem\u00e1s, el regidor ha asegurado que han solicitado \u201ctoda la informaci\u00f3n comercial y los expedientes\u201d de las discotecas implicadas y que \u201csi alguien que no ha cumplido\u201d en referencia a lo normativa, ir\u00e1n con todo contra ellos. \u201cQue no tengan la menor duda,\u00a0<strong>vamos a realizar todas las actuaciones<\/strong>. Sea quien sea, ya sea empresa p\u00fablica o privada, de dentro o de fuera\u201d, apunt\u00f3 Ballesta.<\/p>\n\n\n\n<h2 class=\"wp-block-heading\">Terror en la primera planta<\/h2>\n\n\n\n<p>Con mucho todav\u00eda por esclarecerse, una de las pocas certezas a las que han llegado las autoridades es que lo peor de la tragedia se vivi\u00f3 en la primera planta de\u00a0<em>La Fonda<\/em>, donde han sido encontrados 11 de los cuerpos sin vida. All\u00ed, en una zona de reservados,\u00a0<strong>un grupo se hab\u00eda reunido para celebrar el cumplea\u00f1os de Eric Hern\u00e1ndez<\/strong>, un joven nicarag\u00fcense que hab\u00eda congregado a nueve amigos y familiares. \u201cEl techo de la discoteca se vino abajo\u201d, relat\u00f3 a\u00a0<em>La Opini\u00f3n de Murcia<\/em>\u00a0una de las personas que consigui\u00f3 escapar del horror.<\/p>\n\n\n\n<p>R\u00e1pidamente, familiares y amigos de personas que hab\u00edan acudido a Las Atalayas y que no hab\u00edan dado se\u00f1ales se congregaron en el pol\u00edgono. Junto a las ruinas, donde bomberos, personal de rescate y emergencias trabajaban sin descanso, la angustia y el nerviosismo de aquellos que esperaban desesperadamente una llamada, un WhatsApp tranquilizador. Justo todo lo contrario a lo que vivieron Jairo y su mujer. Poco despu\u00e9s de las 6.00 horas, ella recibi\u00f3 en su m\u00f3vil un mensaje desgarrador. Su hija, una joven de 28 a\u00f1os, que hab\u00eda acudido a los locales de ocio desde la localidad de\u00a0<strong>Caravaca de la Cruz<\/strong>, se desped\u00eda. \u201cMami la amo, vamos a morir. Mami, la amo\u201d, dec\u00eda en un audio que descubri\u00f3 Jairo. \u201cLe alcanz\u00f3 para despedirse\u201d, verbalizaba \u00e9l, descompuesto. Horas despu\u00e9s, el Inspector Jefe de la Polic\u00eda Local de Murcia ha confirmado que<strong>\u00a0algunos de los fallecidos viv\u00edan en Caravaca de la Cruz<\/strong>, aunque no se ha desvelado ninguna identidad.<\/p>\n\n\n\n<h2 class=\"wp-block-heading\">\u201cHay mucho dolor, hay angustia y hay desesperaci\u00f3n&#8221;<\/h2>\n\n\n\n<p>Desde primera hora de la ma\u00f1ana, el Ayuntamiento habilit\u00f3 el&nbsp;<strong>Palacio de los Deportes para ofrecer soporte psicol\u00f3gico<\/strong>&nbsp;a los familiares de los desaparecidos. En un inicio, acudieron un total de 20 voluntarios de Cruz Roja: cinco T\u00e9cnicos en Emergencias Sanitarias, dos enfermeras, cuatro psic\u00f3logos, un trabajador social, un operador del centro de Operaciones Auton\u00f3mico y siete socorristas de acompa\u00f1amientos. Los equipos ir\u00e1n relevando durante la noche para que esa atenci\u00f3n a los allegados pueda mantenerse y se les ha facilitado manutenci\u00f3n y alojamiento esta noche.<\/p>\n\n\n\n<p><img loading=\"lazy\" decoding=\"async\" alt=\"Familiares de alguna de las personas desaparecidas en el incendio de Murcia. REUTERS\" height=\"3648\" width=\"5472\" src=\"https:\/\/www.infobae.com\/new-resizer\/cmsuKeOEuyYvBxUSRxgsAf9OuEw=\/arc-anglerfish-arc2-prod-infobae\/public\/GK72LEI25VRTX76WCPYCVUSKEU.jpg\" srcset=\"https:\/\/www.infobae.com\/new-resizer\/A_ftNlUv_4wQuaKQUl757yEVIs8=\/420x280\/filters:format(webp):quality(85)\/cloudfront-us-east-1.images.arcpublishing.com\/infobae\/GK72LEI25VRTX76WCPYCVUSKEU.jpg 420w,https:\/\/www.infobae.com\/new-resizer\/jzQxAypjvRpXkGE6MUDU-y92W6Y=\/768x512\/filters:format(webp):quality(85)\/cloudfront-us-east-1.images.arcpublishing.com\/infobae\/GK72LEI25VRTX76WCPYCVUSKEU.jpg 768w,https:\/\/www.infobae.com\/new-resizer\/1cy-JaDFyX3awnOlhQprPP_FWMk=\/992x661\/filters:format(webp):quality(85)\/cloudfront-us-east-1.images.arcpublishing.com\/infobae\/GK72LEI25VRTX76WCPYCVUSKEU.jpg 992w,https:\/\/www.infobae.com\/new-resizer\/0WWe5Xo9mIO_EiODzBG288RW3Yw=\/1200x800\/filters:format(webp):quality(85)\/cloudfront-us-east-1.images.arcpublishing.com\/infobae\/GK72LEI25VRTX76WCPYCVUSKEU.jpg 1200w,https:\/\/www.infobae.com\/new-resizer\/2D4Mtw4EacCqfhTSzGUz69h5aic=\/1440x960\/filters:format(webp):quality(85)\/cloudfront-us-east-1.images.arcpublishing.com\/infobae\/GK72LEI25VRTX76WCPYCVUSKEU.jpg 1440w\">Familiares de alguna de las personas desaparecidas en el incendio de Murcia. REUTERS<\/p>\n\n\n\n<p>Hasta esa zona se desplaz\u00f3 en la noche del domingo el presidente de la Regi\u00f3n de Murcia,<strong>\u00a0Fernando L\u00f3pez Miras<\/strong>, quien se encontr\u00f3 con los afectados. El dirigente popular se ha mostrado \u201cconmocionado\u201d y \u201csin palabras\u201d tras hablar con ellos.\u00a0<strong>\u201cHay mucho dolor, hay angustia y hay desesperaci\u00f3n\u201d<\/strong>, ha relatado. A L\u00f3pez Miras le ha costado expresar \u201clo que est\u00e1n sintiendo, lo que est\u00e1n transmitiendo y c\u00f3mo est\u00e1n viviendo esto\u201d los familiares de las v\u00edctimas de una tragedia que llen\u00f3 de horror un lugar de fiesta.<\/p>\n\n\n\n<p><\/p>\n\n\n\n<p><em>Fuente: Infobae.<\/em><\/p>\n","protected":false},"excerpt":{"rendered":"<p>Los servicios de rescate todav\u00eda trabajan en la zona para localizar a las personas que se encuentran desaparecidas. Diez de las v\u00edctimas, que podr\u00edan aumentar, todav\u00eda no han sido identificadas&hellip; <\/p>\n","protected":false},"author":6,"featured_media":91951,"comment_status":"closed","ping_status":"open","sticky":false,"template":"","format":"standard","meta":{"footnotes":""},"categories":[11],"tags":[],"class_list":["post-91945","post","type-post","status-publish","format-standard","has-post-thumbnail","hentry","category-internacionales"],"_links":{"self":[{"href":"https:\/\/corrientesdetarde.com\/index.php\/wp-json\/wp\/v2\/posts\/91945","targetHints":{"allow":["GET"]}}],"collection":[{"href":"https:\/\/corrientesdetarde.com\/index.php\/wp-json\/wp\/v2\/posts"}],"about":[{"href":"https:\/\/corrientesdetarde.com\/index.php\/wp-json\/wp\/v2\/types\/post"}],"author":[{"embeddable":true,"href":"https:\/\/corrientesdetarde.com\/index.php\/wp-json\/wp\/v2\/users\/6"}],"replies":[{"embeddable":true,"href":"https:\/\/corrientesdetarde.com\/index.php\/wp-json\/wp\/v2\/comments?post=91945"}],"version-history":[{"count":1,"href":"https:\/\/corrientesdetarde.com\/index.php\/wp-json\/wp\/v2\/posts\/91945\/revisions"}],"predecessor-version":[{"id":91952,"href":"https:\/\/corrientesdetarde.com\/index.php\/wp-json\/wp\/v2\/posts\/91945\/revisions\/91952"}],"wp:featuredmedia":[{"embeddable":true,"href":"https:\/\/corrientesdetarde.com\/index.php\/wp-json\/wp\/v2\/media\/91951"}],"wp:attachment":[{"href":"https:\/\/corrientesdetarde.com\/index.php\/wp-json\/wp\/v2\/media?parent=91945"}],"wp:term":[{"taxonomy":"category","embeddable":true,"href":"https:\/\/corrientesdetarde.com\/index.php\/wp-json\/wp\/v2\/categories?post=91945"},{"taxonomy":"post_tag","embeddable":true,"href":"https:\/\/corrientesdetarde.com\/index.php\/wp-json\/wp\/v2\/tags?post=91945"}],"curies":[{"name":"wp","href":"https:\/\/api.w.org\/{rel}","templated":true}]}}