{"id":91946,"date":"2023-10-01T19:46:51","date_gmt":"2023-10-01T22:46:51","guid":{"rendered":"https:\/\/corrientesdetarde.com\/?p=91946"},"modified":"2023-10-01T19:47:03","modified_gmt":"2023-10-01T22:47:03","slug":"tras-el-escandalo-de-martin-insaurralde-axel-kicillof-impulsa-la-disolucion-de-la-jefatura-de-gabinete","status":"publish","type":"post","link":"https:\/\/corrientesdetarde.com\/index.php\/politica\/tras-el-escandalo-de-martin-insaurralde-axel-kicillof-impulsa-la-disolucion-de-la-jefatura-de-gabinete\/","title":{"rendered":"Tras el esc\u00e1ndalo de Mart\u00edn Insaurralde, Axel Kicillof impulsa la disoluci\u00f3n de la Jefatura de Gabinete."},"content":{"rendered":"\n<h2 class=\"wp-block-heading\">El gobernador bonaerense anunci\u00f3 que enviar\u00e1 un proyecto a la Legislatura provincial para eliminar el organismo que estaba a cargo del dirigente que debi\u00f3 renunciar luego de que se viralizaran im\u00e1genes en la que se lo ve en un lujoso yate junto a la modelo Sof\u00eda Clerici en Marbella.<\/h2>\n\n\n\n<p>En plena crisis pol\u00edtica por el esc\u00e1ndalo de\u00a0<strong>Mart\u00edn Insaurralde,<\/strong>\u00a0el gobernador bonaerense,\u00a0<strong>Axel Kicillof,<\/strong>\u00a0anunci\u00f3 el env\u00edo de un proyecto de ley para disponer la\u00a0<strong>disoluci\u00f3n\u00a0<\/strong>de la jefatura de Gabinete provincial, que estaba a cargo del intendente de Lomas de Zamora en uso de licencia.<\/p>\n\n\n\n<p>Kicillof rompi\u00f3 el silencio a trav\u00e9s de redes sociales tras el terremoto que provocaron\u00a0las fotos de Insaurralde de sus lujosas vacaciones\u00a0en un yate en Marbella, Espa\u00f1a, junto a la modelo,<strong>\u00a0Sof\u00eda Clerici.\u00a0<\/strong>Las im\u00e1genes desataron la furia del frente interno del oficialismo<strong>,<\/strong>\u00a0denuncias por enriquecimiento il\u00edcito y su posterior y previsible\u00a0renuncia\u00a0a la coordinaci\u00f3n de ministros provincial.<\/p>\n\n\n\n<p>El gobernador bonaerense public\u00f3: \u201cLuego de interiorizarme sobre la situaci\u00f3n&nbsp;<strong>decid\u00ed aceptar, de forma inmediata, la renuncia de Mart\u00edn Insaurralde&nbsp;<\/strong>al cargo de Jefe de Gabinete del Gobierno de la Provincia de Buenos Aires\u201d.<\/p>\n\n\n\n<p>En ese sentido, sostuvo que su tarea es \u201cseguir liderando un gobierno al servicio del pueblo de la Provincia\u201d y que \u201clas&nbsp;<strong>explicaciones&nbsp;<\/strong>se tendr\u00e1n que dar en los \u00e1mbitos correspondientes\u201d.<\/p>\n\n\n\n<figure class=\"wp-block-image\"><img decoding=\"async\" src=\"https:\/\/tn.com.ar\/resizer\/vk-k2zzC5WQXT_veFZ-sZKwvjEE=\/767x0\/smart\/filters:format(webp)\/cloudfront-us-east-1.images.arcpublishing.com\/artear\/HXN42SM4WBHQVF4DRO32UHNDBE.PNG\" alt=\"El gobernador bonaerense dijo que quiere disolver la jefatura de Gabinete de Ministros de PBA. (Foto: Captura Twitter\/Kicillofok)\"\/><figcaption>El gobernador bonaerense dijo que quiere disolver la jefatura de Gabinete de Ministros de PBA. (Foto: Captura Twitter\/Kicillofok)<\/figcaption><\/figure>\n\n\n\n<p>Asimismo, Kicillof, que va por la reelecci\u00f3n, dijo que enviar\u00e1 a la Legislatura Provincial un proyecto de ley para&nbsp;<strong>disolver la Jefatura de Gabinete de Ministros:&nbsp;<\/strong>\u201cSus funciones sustantivas ser\u00e1n&nbsp;<strong>absorbidas por otros ministerios\u201d.<\/strong><\/p>\n\n\n\n<p>\u201cNo se trata de hacer \u2018marketing de la honestidad\u2019, en plena campa\u00f1a electoral. Para nosotros el gobierno es una herramienta para transformar la vida de los dem\u00e1s.&nbsp;<strong>No podemos distraernos ni perder tiempo.&nbsp;<\/strong>La celeridad con la que se resolvieron las cosas pone de manifiesto con claridad cu\u00e1l es mi posici\u00f3n y mi decisi\u00f3n\u201d, remarc\u00f3.<\/p>\n\n\n\n<h2 class=\"wp-block-heading\">Desde el entorno de CFK repudiaron la actitud de Insaurralde<\/h2>\n\n\n\n<p>El abogado de Cristina Kirchner, Jos\u00e9 Manuel Ubeira, critic\u00f3 duramente a\u00a0Mart\u00edn Insaurralde\u00a0luego del esc\u00e1ndalo que protagoniz\u00f3 con las im\u00e1genes donde se lo ve en un\u00a0<strong>lujoso yate\u00a0<\/strong>en las playas paradis\u00edacas de\u00a0<strong>Marbella.<\/strong><\/p>\n\n\n\n<p>\u201cIba a decir una barbaridad\u201d, dijo antes de emitir un comentario sobre el pol\u00e9mico viaje del ahora exjefe de gabinete junto a su novia, la modelo Sof\u00eda Cl\u00e9rici. Segundos despu\u00e9s, la solt\u00f3:<strong>&nbsp;\u201cEl problema de los gatos es la toxoplasmosis\u201d<\/strong>, dijo en referencia a la enfermedad.<\/p>\n\n\n\n<p>En un tono m\u00e1s serio, Ubeira dijo que&nbsp;<strong>\u201clo de Insaurralde es grav\u00edsimo\u201d,<\/strong>&nbsp;aunque sembr\u00f3 dudas sobre el momento electoral en el que se filtr\u00f3, a horas del primer debate presidencial y a tres semanas de las elecciones.<\/p>\n\n\n\n<p>\u201cDe alguna forma creo que esto explota en el medio de la campa\u00f1a,\u00a0<strong>de alguna forman lo ten\u00edan guardado y anticipado los medios de Inteligencia\u201d<\/strong>, dijo el abogado de la vicepresidenta.<\/p>\n\n\n\n<p><\/p>\n\n\n\n<p><em>Fuente: Todo Noticias.<\/em><\/p>\n","protected":false},"excerpt":{"rendered":"<p>El gobernador bonaerense anunci\u00f3 que enviar\u00e1 un proyecto a la Legislatura provincial para eliminar el organismo que estaba a cargo del dirigente que debi\u00f3 renunciar luego de que se viralizaran&hellip; <\/p>\n","protected":false},"author":6,"featured_media":91949,"comment_status":"closed","ping_status":"open","sticky":false,"template":"","format":"standard","meta":{"footnotes":""},"categories":[3],"tags":[],"class_list":["post-91946","post","type-post","status-publish","format-standard","has-post-thumbnail","hentry","category-politica"],"_links":{"self":[{"href":"https:\/\/corrientesdetarde.com\/index.php\/wp-json\/wp\/v2\/posts\/91946","targetHints":{"allow":["GET"]}}],"collection":[{"href":"https:\/\/corrientesdetarde.com\/index.php\/wp-json\/wp\/v2\/posts"}],"about":[{"href":"https:\/\/corrientesdetarde.com\/index.php\/wp-json\/wp\/v2\/types\/post"}],"author":[{"embeddable":true,"href":"https:\/\/corrientesdetarde.com\/index.php\/wp-json\/wp\/v2\/users\/6"}],"replies":[{"embeddable":true,"href":"https:\/\/corrientesdetarde.com\/index.php\/wp-json\/wp\/v2\/comments?post=91946"}],"version-history":[{"count":1,"href":"https:\/\/corrientesdetarde.com\/index.php\/wp-json\/wp\/v2\/posts\/91946\/revisions"}],"predecessor-version":[{"id":91950,"href":"https:\/\/corrientesdetarde.com\/index.php\/wp-json\/wp\/v2\/posts\/91946\/revisions\/91950"}],"wp:featuredmedia":[{"embeddable":true,"href":"https:\/\/corrientesdetarde.com\/index.php\/wp-json\/wp\/v2\/media\/91949"}],"wp:attachment":[{"href":"https:\/\/corrientesdetarde.com\/index.php\/wp-json\/wp\/v2\/media?parent=91946"}],"wp:term":[{"taxonomy":"category","embeddable":true,"href":"https:\/\/corrientesdetarde.com\/index.php\/wp-json\/wp\/v2\/categories?post=91946"},{"taxonomy":"post_tag","embeddable":true,"href":"https:\/\/corrientesdetarde.com\/index.php\/wp-json\/wp\/v2\/tags?post=91946"}],"curies":[{"name":"wp","href":"https:\/\/api.w.org\/{rel}","templated":true}]}}