{"id":92363,"date":"2023-10-03T10:18:35","date_gmt":"2023-10-03T13:18:35","guid":{"rendered":"https:\/\/corrientesdetarde.com\/?p=92363"},"modified":"2023-10-03T10:18:46","modified_gmt":"2023-10-03T13:18:46","slug":"una-exreina-de-la-vendimia-de-mendoza-murio-tras-realizarse-una-cirugia-estetica-en-estados-unidos","status":"publish","type":"post","link":"https:\/\/corrientesdetarde.com\/index.php\/espectaculos\/una-exreina-de-la-vendimia-de-mendoza-murio-tras-realizarse-una-cirugia-estetica-en-estados-unidos\/","title":{"rendered":"Una exreina de la Vendimia de Mendoza muri\u00f3 tras realizarse una cirug\u00eda est\u00e9tica en Estados Unidos"},"content":{"rendered":"\n<p>Jaqueline Carrieri, exreina de la Vendimia del departamento San Rafael, en el sur de Mendoza, muri\u00f3 este lunes en la ciudad de Los \u00c1ngeles&nbsp;<strong>tras someterse a una cirug\u00eda&nbsp;<\/strong>est\u00e9tica. Esta semana cumpl\u00eda 49 a\u00f1os.<\/p>\n\n\n\n<p>Carrieri, tambi\u00e9n conocida por su trabajo como actriz, hab\u00eda viajado a Estados Unidos junto<strong>\u00a0a sus dos hijos menores<\/strong>. A la distancia, la triste noticia fue confirmada por sus allegados y conmovi\u00f3 a la comunidad mendocina, donde fue elegida reina de su distrito en 1996.<\/p>\n\n\n\n<p>Desde las redes sociales de \u201cReinas Vendimiales San Rafael Mendoza\u201d fue recordada como \u201c<strong>una mujer due\u00f1a de un talento<\/strong>, siendo actriz de una de las obras que se desarrollaba en el teatro Roma hasta hace pocos d\u00edas\u201d.<\/p>\n\n\n\n<figure class=\"wp-block-image\"><img decoding=\"async\" src=\"https:\/\/tn.com.ar\/resizer\/pysJN2A_hrMwRavBkimDL5k0DUw=\/767x0\/smart\/filters:format(webp)\/cloudfront-us-east-1.images.arcpublishing.com\/artear\/ZNI5KBFBBVA6XIRANLNF7K6LYA.JPG\" alt=\"La ex reina de la Vendimia tambi\u00e9n era reconocida por su trabajo como actriz. (Foto: Instagram).\"\/><figcaption>La ex reina de la Vendimia tambi\u00e9n era reconocida por su trabajo como actriz. (Foto: Instagram).<\/figcaption><\/figure>\n\n\n\n<p>\u201cLa sanrafaelina muri\u00f3 en Los \u00c1ngeles, California,&nbsp;<strong>debido a un derrame&nbsp;<\/strong>que le habr\u00eda ocasionado una operaci\u00f3n est\u00e9tica\u201d, agrega el comunicado de las exsoberanas vendimiales. Esto tambi\u00e9n fue corroborado por familiares de la v\u00edctima, quienes indicaron que tras realizarse la operaci\u00f3n Jaqueline sufri\u00f3 \u201cuna complicaci\u00f3n que le gener\u00f3 un co\u00e1gulo que se llev\u00f3 su vida\u201d.<\/p>\n\n\n\n<h2 class=\"wp-block-heading\">Dolor en las redes por la muerte de Jaqueline Carrieri<\/h2>\n\n\n\n<p>\u201c\u00a1Descansa\u00a0<strong>en paz su majestad!<\/strong>\u201d, la despidieron desde la p\u00e1gina de Facebook San Rafael Vendimia, recordando que \u201cJaquelin represent\u00f3 como reina al distrito de Punta del Agua y fue electa Virreina Departamental 1996. Durante a\u00f1os se encarg\u00f3 de vestir a nuestras Reinas Vendimiales con su boutique de moda\u201d.<\/p>\n\n\n\n<figure class=\"wp-block-image\"><img decoding=\"async\" src=\"https:\/\/tn.com.ar\/resizer\/ChzJusdJhEmHhJaXOsSy__o7czE=\/767x0\/smart\/filters:format(webp)\/cloudfront-us-east-1.images.arcpublishing.com\/artear\/5DIE6X6A2NA4BPXIDASAQOI2XQ.JPG\" alt=\"La despedida en las redes. (Foto: Instagram).\"\/><figcaption>La despedida en las redes. (Foto: Instagram).<\/figcaption><\/figure>\n\n\n\n<p>Vanesa Lana, una de sus compa\u00f1eras arriba del escenario, escribi\u00f3: \u201cNo lo puedo creer, \u00a1no caigo! \u00bfVos te ten\u00edas que ir? \u00a1Una persona tan hermosa, tan llena de vida, la vida es muy injusta, ay querida Jaqui, me quedan todos tus recuerdos, tus consejos, las risas, los llantos, los hermosos momentos compartidos arriba del escenario haciendo lo que amamos! \u00a1Gracias, gracias por todo Jaqui, siempre vas a estar en mi coraz\u00f3n! \u00a1<strong>Segu\u00ed llenando de glamour el cielo<\/strong>!\u201d.<\/p>\n","protected":false},"excerpt":{"rendered":"<p>Jaqueline Carrieri, exreina de la Vendimia del departamento San Rafael, en el sur de Mendoza, muri\u00f3 este lunes en la ciudad de Los \u00c1ngeles&nbsp;tras someterse a una cirug\u00eda&nbsp;est\u00e9tica. Esta semana&hellip; <\/p>\n","protected":false},"author":12,"featured_media":92368,"comment_status":"closed","ping_status":"open","sticky":false,"template":"","format":"standard","meta":{"footnotes":""},"categories":[19],"tags":[],"class_list":["post-92363","post","type-post","status-publish","format-standard","has-post-thumbnail","hentry","category-espectaculos"],"_links":{"self":[{"href":"https:\/\/corrientesdetarde.com\/index.php\/wp-json\/wp\/v2\/posts\/92363","targetHints":{"allow":["GET"]}}],"collection":[{"href":"https:\/\/corrientesdetarde.com\/index.php\/wp-json\/wp\/v2\/posts"}],"about":[{"href":"https:\/\/corrientesdetarde.com\/index.php\/wp-json\/wp\/v2\/types\/post"}],"author":[{"embeddable":true,"href":"https:\/\/corrientesdetarde.com\/index.php\/wp-json\/wp\/v2\/users\/12"}],"replies":[{"embeddable":true,"href":"https:\/\/corrientesdetarde.com\/index.php\/wp-json\/wp\/v2\/comments?post=92363"}],"version-history":[{"count":1,"href":"https:\/\/corrientesdetarde.com\/index.php\/wp-json\/wp\/v2\/posts\/92363\/revisions"}],"predecessor-version":[{"id":92369,"href":"https:\/\/corrientesdetarde.com\/index.php\/wp-json\/wp\/v2\/posts\/92363\/revisions\/92369"}],"wp:featuredmedia":[{"embeddable":true,"href":"https:\/\/corrientesdetarde.com\/index.php\/wp-json\/wp\/v2\/media\/92368"}],"wp:attachment":[{"href":"https:\/\/corrientesdetarde.com\/index.php\/wp-json\/wp\/v2\/media?parent=92363"}],"wp:term":[{"taxonomy":"category","embeddable":true,"href":"https:\/\/corrientesdetarde.com\/index.php\/wp-json\/wp\/v2\/categories?post=92363"},{"taxonomy":"post_tag","embeddable":true,"href":"https:\/\/corrientesdetarde.com\/index.php\/wp-json\/wp\/v2\/tags?post=92363"}],"curies":[{"name":"wp","href":"https:\/\/api.w.org\/{rel}","templated":true}]}}