{"id":92364,"date":"2023-10-03T10:48:56","date_gmt":"2023-10-03T13:48:56","guid":{"rendered":"https:\/\/corrientesdetarde.com\/?p=92364"},"modified":"2023-10-03T10:49:07","modified_gmt":"2023-10-03T13:49:07","slug":"una-mujer-tenia-custodia-policial-por-una-denuncia-contra-su-ex-y-su-propio-hijo-la-ataco-dentro-de-su-casa","status":"publish","type":"post","link":"https:\/\/corrientesdetarde.com\/index.php\/policiales\/una-mujer-tenia-custodia-policial-por-una-denuncia-contra-su-ex-y-su-propio-hijo-la-ataco-dentro-de-su-casa\/","title":{"rendered":"Una mujer ten\u00eda custodia policial por una denuncia contra su ex y su propio hijo la atac\u00f3 dentro de su casa"},"content":{"rendered":"\n<p>Una mujer ten\u00eda\u00a0<strong>consigna policial\u00a0<\/strong>luego de realizar una\u00a0<strong>denuncia\u00a0contra su expareja,\u00a0<\/strong>pero sucedi\u00f3 algo impensado: dentro de su propia casa,<strong>\u00a0su hijo la atac\u00f3 y el efectivo que la custodiaba debi\u00f3 intervenir<\/strong>. El hombre recibi\u00f3 una\u00a0<strong>pu\u00f1alada\u00a0<\/strong>y tuvo que ser asistido por personal m\u00e9dico.<\/p>\n\n\n\n<p>El violento episodio ocurri\u00f3 este lunes, minutos despu\u00e9s de las 16:00, en una vivienda del barrio Villa Ceferino de la provincia de\u00a0Neuqu\u00e9n.<\/p>\n\n\n\n<p>De acuerdo a lo informado por los investigadores, el oficial&nbsp;<strong>\u201cempez\u00f3 a escuchar que la mujer ped\u00eda auxilio desde el interior de la vivienda,&nbsp;<\/strong>entonces ingres\u00f3 y vio que estaba siendo<strong>&nbsp;agredida por su propio hijo,<\/strong>&nbsp;un joven de 20 a\u00f1os\u201d.<\/p>\n\n\n\n<p>Enseguida pidi\u00f3 refuerzos mientras intentaba calmarlo. \u201cSe le acerc\u00f3 y comenzaron a forcejear, entonces, de repente, el agresor sac\u00f3 un arma blanca de su cintura y&nbsp;<strong>lo atac\u00f3 por la espalda.<\/strong>&nbsp;Tiene una&nbsp;<strong>herida punzocortante&nbsp;<\/strong>en el omoplato izquierdo\u201d, relat\u00f3 a&nbsp;<em><strong>LMNeuqu\u00e9n&nbsp;<\/strong><\/em>el comisario Inspector Nicol\u00e1s Corzo.<\/p>\n\n\n\n<figure class=\"wp-block-image\"><img decoding=\"async\" src=\"https:\/\/tn.com.ar\/resizer\/NEhfPRgvcvtRoLDeNFauzJyR97k=\/767x0\/smart\/filters:format(webp)\/cloudfront-us-east-1.images.arcpublishing.com\/artear\/6RNP4X2ZX5BHTJIOKKSK2DP3BI.PNG\" alt=\"Trasladaron al agresor a la Comisaria Tercera, donde qued\u00f3 demorado varias horas. (Foto: Polic\u00eda de Neuqu\u00e9n)\"\/><figcaption>Trasladaron al agresor a la Comisaria Tercera, donde qued\u00f3 demorado varias horas. (Foto: Polic\u00eda de Neuqu\u00e9n)<\/figcaption><\/figure>\n\n\n\n<p>A pesar de ello, el efectivo logr\u00f3 desarmarlo y evitar que contin\u00fae agredi\u00e9ndolo. \u201cEl hombre estaba fuera de s\u00ed. En ese momento arribaron los refuerzos requeridos por el compa\u00f1ero y lograron reducirlo y ponerle las esposas. Luego lo trasladaron a la Comisaria Tercera, donde qued\u00f3&nbsp;<strong>demorado<\/strong>\u201d, se\u00f1al\u00f3 Corzo.<\/p>\n\n\n\n<p>Cuando se dieron cuenta de la herida que ten\u00eda la v\u00edctima en la espalda, r\u00e1pidamente llamaron a una ambulancia, la cual lleg\u00f3 al lugar a los pocos minutos. \u201cPrimero fue llevado al Policl\u00ednico Neuqu\u00e9n donde le brindaron los primeros auxilios, lo estabilizaron y trasladaron a la Cl\u00ednica San Agust\u00edn, donde le van a realizar estudios de mayor complejidad para descartar heridas internas\u201d, inform\u00f3 el comisario.<\/p>\n\n\n\n<p>Asimismo, Corzo explic\u00f3 en el caso intervino la Fiscal\u00eda de Actuaci\u00f3n Gen\u00e9rica. \u201cLa Dra. Stilger inform\u00f3 que tom\u00f3 conocimiento de la causa y dispone la libertad supeditada del agresor\u201d, aclar\u00f3.<\/p>\n\n\n\n<p>Es decir, el comisario confirm\u00f3 que el joven atacante pas\u00f3 poco m\u00e1s de dos horas demorado, luego de atacar al efectivo, pero que<strong>&nbsp;ya est\u00e1 libre.<\/strong>&nbsp;\u201cAunque para nosotros es dif\u00edcil ver con la rapidez que recuper\u00f3 la libertad despu\u00e9s de atacar a un compa\u00f1ero, lo que m\u00e1s nos interesa es que este se encuentre bien y no tenga heridas de gravedad\u201d, concluy\u00f3 sobre la salud del efectivo herido que se encuentra&nbsp;<strong>fuera de peligro.<\/strong><\/p>\n","protected":false},"excerpt":{"rendered":"<p>Una mujer ten\u00eda\u00a0consigna policial\u00a0luego de realizar una\u00a0denuncia\u00a0contra su expareja,\u00a0pero sucedi\u00f3 algo impensado: dentro de su propia casa,\u00a0su hijo la atac\u00f3 y el efectivo que la custodiaba debi\u00f3 intervenir. El hombre&hellip; <\/p>\n","protected":false},"author":12,"featured_media":92372,"comment_status":"closed","ping_status":"open","sticky":false,"template":"","format":"standard","meta":{"footnotes":""},"categories":[33],"tags":[],"class_list":["post-92364","post","type-post","status-publish","format-standard","has-post-thumbnail","hentry","category-policiales"],"_links":{"self":[{"href":"https:\/\/corrientesdetarde.com\/index.php\/wp-json\/wp\/v2\/posts\/92364","targetHints":{"allow":["GET"]}}],"collection":[{"href":"https:\/\/corrientesdetarde.com\/index.php\/wp-json\/wp\/v2\/posts"}],"about":[{"href":"https:\/\/corrientesdetarde.com\/index.php\/wp-json\/wp\/v2\/types\/post"}],"author":[{"embeddable":true,"href":"https:\/\/corrientesdetarde.com\/index.php\/wp-json\/wp\/v2\/users\/12"}],"replies":[{"embeddable":true,"href":"https:\/\/corrientesdetarde.com\/index.php\/wp-json\/wp\/v2\/comments?post=92364"}],"version-history":[{"count":1,"href":"https:\/\/corrientesdetarde.com\/index.php\/wp-json\/wp\/v2\/posts\/92364\/revisions"}],"predecessor-version":[{"id":92373,"href":"https:\/\/corrientesdetarde.com\/index.php\/wp-json\/wp\/v2\/posts\/92364\/revisions\/92373"}],"wp:featuredmedia":[{"embeddable":true,"href":"https:\/\/corrientesdetarde.com\/index.php\/wp-json\/wp\/v2\/media\/92372"}],"wp:attachment":[{"href":"https:\/\/corrientesdetarde.com\/index.php\/wp-json\/wp\/v2\/media?parent=92364"}],"wp:term":[{"taxonomy":"category","embeddable":true,"href":"https:\/\/corrientesdetarde.com\/index.php\/wp-json\/wp\/v2\/categories?post=92364"},{"taxonomy":"post_tag","embeddable":true,"href":"https:\/\/corrientesdetarde.com\/index.php\/wp-json\/wp\/v2\/tags?post=92364"}],"curies":[{"name":"wp","href":"https:\/\/api.w.org\/{rel}","templated":true}]}}