{"id":92365,"date":"2023-10-03T10:50:45","date_gmt":"2023-10-03T13:50:45","guid":{"rendered":"https:\/\/corrientesdetarde.com\/?p=92365"},"modified":"2023-10-03T10:50:57","modified_gmt":"2023-10-03T13:50:57","slug":"se-realiza-el-decimo-encuentro-de-pacientes-de-cancer-de-mama","status":"publish","type":"post","link":"https:\/\/corrientesdetarde.com\/index.php\/bienestar-y-salud\/se-realiza-el-decimo-encuentro-de-pacientes-de-cancer-de-mama\/","title":{"rendered":"Se realiza el d\u00e9cimo Encuentro de Pacientes de C\u00e1ncer de Mama"},"content":{"rendered":"\n<p>El d\u00e9cimo Encuentro de Pacientes de\u00a0C\u00e1ncer de Mama\u00a0se llevar\u00e1 a cabo el pr\u00f3ximo viernes 6 de octubre de 10 a 16 y este a\u00f1o la cita es en el Auditorio Plaza Galicia ubicado en la calle Leiva 4.070 en el barrio porte\u00f1o de Chacarita. El evento ser\u00e1\u00a0<strong>presencial y gratuito<\/strong>\u00a0y las personas que quieran asistir deber\u00e1n realizar una inscripci\u00f3n previa.<\/p>\n\n\n\n<p>\u201cEste evento se hace una vez al a\u00f1o por&nbsp;<strong>Enlazadas<\/strong>, la fundaci\u00f3n de la que formo parte y que la integramos todas mujeres que tuvimos c\u00e1ncer de mama. Estamos coordinadas por el doctor Ignacio Mc Lean (mast\u00f3logo) que es el director, el doctor Fernando Petracci (onc\u00f3logo) y la licenciada Daniela Berdinelli (psicoonc\u00f3loga)\u201d, indic\u00f3 Letizia Mazzuco.<\/p>\n\n\n\n<figure class=\"wp-block-image\"><img decoding=\"async\" src=\"https:\/\/tn.com.ar\/resizer\/h_K9uq5Hh_OsN18sKVrzInQpSRU=\/767x0\/smart\/filters:format(webp)\/cloudfront-us-east-1.images.arcpublishing.com\/artear\/IINSZ2PVAFGMBL2UJCJ77TEPHY.jpeg\" alt=\"La mayor\u00eda de los c\u00e1nceres de mama diagnosticados en etapas iniciales se curan. (Foto: Adobe Stock)\"\/><figcaption>La mayor\u00eda de los c\u00e1nceres de mama diagnosticados en etapas iniciales se curan. (Foto: Adobe Stock)<\/figcaption><\/figure>\n\n\n\n<p>Asimismo, a\u00f1adi\u00f3: \u201cCada a\u00f1o hacemos una convocatoria abierta y gratuita y es un d\u00eda lleno de&nbsp;<strong>informaci\u00f3n m\u00e9dica y psicol\u00f3gica<\/strong>, pero tambi\u00e9n hay m\u00fasica, arte, teatro y baile. Es todo un d\u00eda de 10 a 16 y hay opciones para ir a la ma\u00f1ana o a la tarde Armamos todo el d\u00eda para que la persona est\u00e9 s\u00faper agasajada y tambi\u00e9n armamos un desayuno y un almuerzo\u201d.<\/p>\n\n\n\n<p>\u201cEn general, viene&nbsp;<strong>gente de distintos lugares<\/strong>&nbsp;y a veces ponemos micros. Vienen mujeres de San Lorenzo, Santa Fe, otras de Pilar y de Luj\u00e1n, entre otros lugares. Tratamos de dar todo el soporte que podamos para que la gente pueda venir y el tema econ\u00f3mico no sea el obst\u00e1culo. Es todo gratis, pero con inscripci\u00f3n previa\u201d, dijo Mazzuco.<\/p>\n\n\n\n<h2 class=\"wp-block-heading\">C\u00f3mo ser\u00e1 el evento<\/h2>\n\n\n\n<p>Para poder asistir al Encuentro de Pacientes de C\u00e1ncer de Mama, habr\u00e1 que inscribirse a trav\u00e9s del link\u00a0https:\/\/forms.gle\/891goPP6HyyDz5un7. El evento tendr\u00e1 la apertura a las 10 y uno de<strong>\u00a0los temas<\/strong>\u00a0que se tratar\u00e1n, ser\u00e1 \u201cS\u00ed, \u00a1es c\u00e1ncer! \u00bfY ahora qu\u00e9 hago?\u201d, con la presencia de la Dra. Carola Sandor (ginec\u00f3loga), el Dr. Ignacio Mc Lean (mast\u00f3logo), la Dra. Yoana Vanni (onc\u00f3loga) y la Dra. Marcia Oliva (radi\u00f3loga).<\/p>\n\n\n\n<p>Luego ser\u00e1 el turno de \u201cSi la vida te da limones, \u00a1hac\u00e9 limonada!\u201d con Agustina Clemente (Wikic\u00e1ncer), Mery \u00c1lvarez (El Hilo Rosa) y Sil Lucero (Valientes por la Vida), mientras que m\u00e1s tarde los especialistas Fernando Petracci (onc\u00f3logo), Ana Laura Carlini (onc\u00f3loga) y Ra\u00fal Ureta (jefe de enfermer\u00eda) hablar\u00e1n acerca de \u00bfQu\u00e9 le pasa al\u00a0<strong>equipo tratante<\/strong>? Dificultades 2023.<\/p>\n\n\n\n<p>Tambi\u00e9n la psicoonc\u00f3loga Estela Prado disertar\u00e1 acerca de&nbsp;<strong>Actuaci\u00f3n y salud<\/strong>, mientras que la Escuela de actuaci\u00f3n Ariel Staltari llevar\u00e1 a cabo una actividad bajo al nombre \u201c\u00bfC\u00f3mo se lo digo?\u201d, tras lo cual ser\u00e1 el turno de \u201c\u00a1Nadie me entiende!\u201d, a cargo de las Licenciadas Daniela Berdinelli y Mar\u00eda Fernanda Monta\u00f1a (psicoonc\u00f3logas). Para finalizar, Dafne Schilling realizar\u00e1 una Intenci\u00f3n en movimiento.<\/p>\n\n\n\n<p>Adem\u00e1s, habr\u00e1 un festejo de 10 a\u00f1os de Enlazadas, que es una Asociaci\u00f3n Civil sin fines de lucro que naci\u00f3 en 2013 y brinda apoyo a much\u00edsimas mujeres que, en diferentes condiciones y en circunstancias muy variadas de la vida, tuvieron que atravesar el c\u00e1ncer de mama. Es una fundaci\u00f3n compuesta por mujeres que atravesaron el diagn\u00f3stico y&nbsp;<strong>acompa\u00f1an<\/strong>&nbsp;a otras que lo est\u00e1n transitando.<\/p>\n","protected":false},"excerpt":{"rendered":"<p>El d\u00e9cimo Encuentro de Pacientes de\u00a0C\u00e1ncer de Mama\u00a0se llevar\u00e1 a cabo el pr\u00f3ximo viernes 6 de octubre de 10 a 16 y este a\u00f1o la cita es en el Auditorio&hellip; <\/p>\n","protected":false},"author":12,"featured_media":92374,"comment_status":"closed","ping_status":"open","sticky":false,"template":"","format":"standard","meta":{"footnotes":""},"categories":[16],"tags":[],"class_list":["post-92365","post","type-post","status-publish","format-standard","has-post-thumbnail","hentry","category-bienestar-y-salud"],"_links":{"self":[{"href":"https:\/\/corrientesdetarde.com\/index.php\/wp-json\/wp\/v2\/posts\/92365","targetHints":{"allow":["GET"]}}],"collection":[{"href":"https:\/\/corrientesdetarde.com\/index.php\/wp-json\/wp\/v2\/posts"}],"about":[{"href":"https:\/\/corrientesdetarde.com\/index.php\/wp-json\/wp\/v2\/types\/post"}],"author":[{"embeddable":true,"href":"https:\/\/corrientesdetarde.com\/index.php\/wp-json\/wp\/v2\/users\/12"}],"replies":[{"embeddable":true,"href":"https:\/\/corrientesdetarde.com\/index.php\/wp-json\/wp\/v2\/comments?post=92365"}],"version-history":[{"count":1,"href":"https:\/\/corrientesdetarde.com\/index.php\/wp-json\/wp\/v2\/posts\/92365\/revisions"}],"predecessor-version":[{"id":92375,"href":"https:\/\/corrientesdetarde.com\/index.php\/wp-json\/wp\/v2\/posts\/92365\/revisions\/92375"}],"wp:featuredmedia":[{"embeddable":true,"href":"https:\/\/corrientesdetarde.com\/index.php\/wp-json\/wp\/v2\/media\/92374"}],"wp:attachment":[{"href":"https:\/\/corrientesdetarde.com\/index.php\/wp-json\/wp\/v2\/media?parent=92365"}],"wp:term":[{"taxonomy":"category","embeddable":true,"href":"https:\/\/corrientesdetarde.com\/index.php\/wp-json\/wp\/v2\/categories?post=92365"},{"taxonomy":"post_tag","embeddable":true,"href":"https:\/\/corrientesdetarde.com\/index.php\/wp-json\/wp\/v2\/tags?post=92365"}],"curies":[{"name":"wp","href":"https:\/\/api.w.org\/{rel}","templated":true}]}}