{"id":92420,"date":"2023-10-03T14:29:48","date_gmt":"2023-10-03T17:29:48","guid":{"rendered":"https:\/\/corrientesdetarde.com\/?p=92420"},"modified":"2023-10-03T14:30:00","modified_gmt":"2023-10-03T17:30:00","slug":"taragui-rock-2023-se-abre-el-periodo-de-acreditaciones-para-la-prensa","status":"publish","type":"post","link":"https:\/\/corrientesdetarde.com\/index.php\/cultura\/taragui-rock-2023-se-abre-el-periodo-de-acreditaciones-para-la-prensa\/","title":{"rendered":"Tarag\u00fc\u00ed Rock 2023: se abre el per\u00edodo de acreditaciones para la prensa"},"content":{"rendered":"\n<p>Avanzan los preparativos para una nueva edici\u00f3n del festival de rock de mayor convocatoria de la regi\u00f3n. El Instituto de Cultura de Corrientes informa que se encuentra habilitado el per\u00edodo de acreditaci\u00f3n para los medios de prensa interesados en realizar la cobertura del evento, a realizarse el s\u00e1bado 14 y domingo 15 de octubre, en el cors\u00f3dromo Nolo Alias.<\/p>\n\n\n\n<p>Deber\u00e1n enviar las solicitudes con el asunto TARAGUI ROCK 2023, al siguiente correo electr\u00f3nico:&nbsp;<strong><a href=\"mailto:acreditaciones.cultura@gmail.com\" target=\"_blank\" rel=\"noreferrer noopener\">acreditaciones.cultura@gmail.com<\/a><\/strong>&nbsp;y tienen tiempo de hacerlo hasta el martes 10 de octubre, inclusive (no se aceptar\u00e1n solicitudes despu\u00e9s de esa fecha).<\/p>\n\n\n\n<p>El pedido deber\u00e1 ser realizado mediante una nota formal adjuntada al correo como documento Word (con membrete del medio) y firmada por el director, donde tienen que figurar los datos de las personas a acreditar (nombre, DNI, funci\u00f3n y un contacto de celular) y una foto formato JPG de cada uno. En el caso de medios digitales, deben adjuntar adem\u00e1s publicaciones, links de videos y\/o audios de los materiales difundidos vinculados a la edici\u00f3n 2022 y anuncios de la edici\u00f3n 2023.<\/p>\n\n\n\n<p>Se autorizar\u00e1 hasta dos periodistas por medio gr\u00e1fico (por versi\u00f3n impresa, p\u00e1gina web y fot\u00f3grafo); dos por medio televisivo -no por programa- (cronista y camar\u00f3grafo); dos por medio radial -no por programa-; y uno en el caso de p\u00e1gina web (cronista\/fot\u00f3grafo).<\/p>\n\n\n\n<p>La recepci\u00f3n de las solicitudes no asegura la acreditaci\u00f3n. Pasado el per\u00edodo habilitado, los interesados recibir\u00e1n la confirmaci\u00f3n a su direcci\u00f3n de correo electr\u00f3nico y tambi\u00e9n los d\u00edas y horarios de entrega de las mismas.<\/p>\n","protected":false},"excerpt":{"rendered":"<p>Avanzan los preparativos para una nueva edici\u00f3n del festival de rock de mayor convocatoria de la regi\u00f3n. El Instituto de Cultura de Corrientes informa que se encuentra habilitado el per\u00edodo&hellip; <\/p>\n","protected":false},"author":8,"featured_media":92421,"comment_status":"closed","ping_status":"open","sticky":false,"template":"","format":"standard","meta":{"footnotes":""},"categories":[15],"tags":[],"class_list":["post-92420","post","type-post","status-publish","format-standard","has-post-thumbnail","hentry","category-cultura"],"_links":{"self":[{"href":"https:\/\/corrientesdetarde.com\/index.php\/wp-json\/wp\/v2\/posts\/92420","targetHints":{"allow":["GET"]}}],"collection":[{"href":"https:\/\/corrientesdetarde.com\/index.php\/wp-json\/wp\/v2\/posts"}],"about":[{"href":"https:\/\/corrientesdetarde.com\/index.php\/wp-json\/wp\/v2\/types\/post"}],"author":[{"embeddable":true,"href":"https:\/\/corrientesdetarde.com\/index.php\/wp-json\/wp\/v2\/users\/8"}],"replies":[{"embeddable":true,"href":"https:\/\/corrientesdetarde.com\/index.php\/wp-json\/wp\/v2\/comments?post=92420"}],"version-history":[{"count":1,"href":"https:\/\/corrientesdetarde.com\/index.php\/wp-json\/wp\/v2\/posts\/92420\/revisions"}],"predecessor-version":[{"id":92422,"href":"https:\/\/corrientesdetarde.com\/index.php\/wp-json\/wp\/v2\/posts\/92420\/revisions\/92422"}],"wp:featuredmedia":[{"embeddable":true,"href":"https:\/\/corrientesdetarde.com\/index.php\/wp-json\/wp\/v2\/media\/92421"}],"wp:attachment":[{"href":"https:\/\/corrientesdetarde.com\/index.php\/wp-json\/wp\/v2\/media?parent=92420"}],"wp:term":[{"taxonomy":"category","embeddable":true,"href":"https:\/\/corrientesdetarde.com\/index.php\/wp-json\/wp\/v2\/categories?post=92420"},{"taxonomy":"post_tag","embeddable":true,"href":"https:\/\/corrientesdetarde.com\/index.php\/wp-json\/wp\/v2\/tags?post=92420"}],"curies":[{"name":"wp","href":"https:\/\/api.w.org\/{rel}","templated":true}]}}