{"id":92427,"date":"2023-10-03T14:40:01","date_gmt":"2023-10-03T17:40:01","guid":{"rendered":"https:\/\/corrientesdetarde.com\/?p=92427"},"modified":"2023-10-03T14:40:09","modified_gmt":"2023-10-03T17:40:09","slug":"la-llamativa-decision-que-tomo-jorge-capitanich-despues-de-su-derrota-en-las-elecciones-en-chaco","status":"publish","type":"post","link":"https:\/\/corrientesdetarde.com\/index.php\/politica\/la-llamativa-decision-que-tomo-jorge-capitanich-despues-de-su-derrota-en-las-elecciones-en-chaco\/","title":{"rendered":"La llamativa decisi\u00f3n que tom\u00f3 Jorge Capitanich despu\u00e9s de su derrota en las elecciones en Chaco"},"content":{"rendered":"\n<p>El gobernador peronista que cay\u00f3 ante el radical Leandro Zdero dijo que no tiene intenciones de volver a ocupar cargos y que esa es \u201cuna etapa cumplida\u201d.<\/p>\n\n\n\n<p>\u201cEstoy buscando\u00a0<strong>trabajo\u201d,<\/strong>\u00a0dijo sobre su futuro el gobernador saliente de Chaco, Jorge Capitanich<strong>,<\/strong>\u00a0tras la derrota en las elecciones provinciales, dos semanas atr\u00e1s, contra el radical,\u00a0<strong>Leandro Zdero,\u00a0<\/strong>que dio el batacazo en la provincia. El dirigente peronista adem\u00e1s anunci\u00f3 su\u00a0<strong>retiro\u00a0<\/strong>de la funci\u00f3n p\u00fablica, al plantear que no tiene intenciones de volver a ocupar un cargo por considerar que para \u00e9l es \u201cuna etapa cumplida\u201d.<\/p>\n\n\n\n<p>Capitanich dijo que tras 22 a\u00f1os de servicio, que incluyen gobernaciones al frente de Chaco y de la intendencia de Resistencia, no tiene intenciones de volver a asumir funciones p\u00fablicas: \u201cEl\u00a0<strong>veredicto de las urnas<\/strong>\u00a0fue muy claro, cada uno tiene que tomar decisiones a partir de ese veredicto, y yo tengo claro qu\u00e9 es lo que tengo que hacer\u201d.<\/p>\n\n\n\n<p>El gobernador saliente de Chaco anunci\u00f3: \u201cEstoy buscando trabajo, a partir&nbsp;<strong>del 10 de diciembre<\/strong>&nbsp;(cuando termina su mandato) tengo que buscar trabajo y lo estoy haciendo, tengo muchas posibilidades de acuerdo a mi expertise profesional, es un tema que me preocupa y ocupa, es lo que corresponde hacer\u201d.<\/p>\n\n\n\n<h2 class=\"wp-block-heading\">Jorge Capitanich anunci\u00f3 su retiro de la funci\u00f3n p\u00fablica tras la derrota en Chaco: \u201cEstoy buscando trabajo\u201d<\/h2>\n\n\n\n<figure class=\"wp-block-image\"><img decoding=\"async\" src=\"https:\/\/tn.com.ar\/resizer\/gcDtgMz47xK9Qq16mZsmeIU9vMM=\/767x0\/smart\/filters:format(webp)\/thumbs.vodgc.net\/1-14516-rZZ3pg1696347899746.jpg%3F359380\" alt=\"Video Placeholder\"\/><\/figure>\n\n\n\n<p>Capitanich dijo en declaraciones a la prensa que abandona los cargos p\u00fablicos, que est\u00e1 en b\u00fasqueda laboral tras el&nbsp;<strong>10 de diciembre<\/strong>&nbsp;y que eval\u00faa \u201ctodos los escenarios\u201d: \u201cEs una responsabilidad que me corresponde, despu\u00e9s de 22 a\u00f1os de servicio p\u00fablico, 16 entre la gobernaci\u00f3n y la intendencia, en los que tuve dedicaci\u00f3n a tiempo completo. Me corresponder\u00e1 utilizar mis capacidades profesionales en otra actividad\u201d.<\/p>\n\n\n\n<p>El gobernador saliente de Chaco dijo adem\u00e1s que a partir de sus \u201ccapacidades profesionales y t\u00e9cnicas\u201d busca \u201cuna inserci\u00f3n laboral distinta\u201d y que se siente \u201cmuy contento con eso\u201d: \u201cCreo que es un gran desaf\u00edo en lo personal, espero ver si es en el \u00e1mbito<strong>&nbsp;nacional o internacional,&nbsp;<\/strong>es un tema que lo estoy trabajando\u201d, en declaraciones a&nbsp;<em>N9.<\/em><\/p>\n\n\n\n<h2 class=\"wp-block-heading\">La derrota de Jorge Capitanich en Chaco, tras 16 a\u00f1os de gobiernos peronistas en la provincia<\/h2>\n\n\n\n<p>Capitanich perdi\u00f3 en las elecciones provinciales en Chaco el 17 de septiembre contra el radical Zdero, despu\u00e9s de 16 a\u00f1os de gobiernos peronistas en la provincia. El dirigente de Juntos por el Cambio se impuso en primera vuelta por\u00a0<strong>46,13%<\/strong>\u00a0de los votos contra el\u00a0<strong>41,74%<\/strong>\u00a0del gobernador cristinista, en una elecci\u00f3n marcada por el femicidio de Cecilia Sztryzowski\u00a0<strong>,<\/strong>\u00a0por el que est\u00e1n presos y acusados los dirigentes sociales y excandidatos a legisladores por el oficialismo,\u00a0<strong>Emerenciano Sena\u00a0<\/strong>y\u00a0<strong>Marcela Acu\u00f1a,<\/strong>\u00a0y su hijo,\u00a0<strong>C\u00e9sar Sena,<\/strong>\u00a0que ten\u00edan relaci\u00f3n con el gobernador saliente.<\/p>\n","protected":false},"excerpt":{"rendered":"<p>El gobernador peronista que cay\u00f3 ante el radical Leandro Zdero dijo que no tiene intenciones de volver a ocupar cargos y que esa es \u201cuna etapa cumplida\u201d. \u201cEstoy buscando\u00a0trabajo\u201d,\u00a0dijo sobre&hellip; <\/p>\n","protected":false},"author":8,"featured_media":92428,"comment_status":"closed","ping_status":"open","sticky":false,"template":"","format":"standard","meta":{"footnotes":""},"categories":[3],"tags":[],"class_list":["post-92427","post","type-post","status-publish","format-standard","has-post-thumbnail","hentry","category-politica"],"_links":{"self":[{"href":"https:\/\/corrientesdetarde.com\/index.php\/wp-json\/wp\/v2\/posts\/92427","targetHints":{"allow":["GET"]}}],"collection":[{"href":"https:\/\/corrientesdetarde.com\/index.php\/wp-json\/wp\/v2\/posts"}],"about":[{"href":"https:\/\/corrientesdetarde.com\/index.php\/wp-json\/wp\/v2\/types\/post"}],"author":[{"embeddable":true,"href":"https:\/\/corrientesdetarde.com\/index.php\/wp-json\/wp\/v2\/users\/8"}],"replies":[{"embeddable":true,"href":"https:\/\/corrientesdetarde.com\/index.php\/wp-json\/wp\/v2\/comments?post=92427"}],"version-history":[{"count":1,"href":"https:\/\/corrientesdetarde.com\/index.php\/wp-json\/wp\/v2\/posts\/92427\/revisions"}],"predecessor-version":[{"id":92429,"href":"https:\/\/corrientesdetarde.com\/index.php\/wp-json\/wp\/v2\/posts\/92427\/revisions\/92429"}],"wp:featuredmedia":[{"embeddable":true,"href":"https:\/\/corrientesdetarde.com\/index.php\/wp-json\/wp\/v2\/media\/92428"}],"wp:attachment":[{"href":"https:\/\/corrientesdetarde.com\/index.php\/wp-json\/wp\/v2\/media?parent=92427"}],"wp:term":[{"taxonomy":"category","embeddable":true,"href":"https:\/\/corrientesdetarde.com\/index.php\/wp-json\/wp\/v2\/categories?post=92427"},{"taxonomy":"post_tag","embeddable":true,"href":"https:\/\/corrientesdetarde.com\/index.php\/wp-json\/wp\/v2\/tags?post=92427"}],"curies":[{"name":"wp","href":"https:\/\/api.w.org\/{rel}","templated":true}]}}