{"id":92430,"date":"2023-10-03T14:52:48","date_gmt":"2023-10-03T17:52:48","guid":{"rendered":"https:\/\/corrientesdetarde.com\/?p=92430"},"modified":"2023-10-03T19:59:08","modified_gmt":"2023-10-03T22:59:08","slug":"la-vicegobernacion-rindio-homenaje-a-la-comunidad-alemana-en-corrientes","status":"publish","type":"post","link":"https:\/\/corrientesdetarde.com\/index.php\/locales\/la-vicegobernacion-rindio-homenaje-a-la-comunidad-alemana-en-corrientes\/","title":{"rendered":"La Vicegobernaci\u00f3n rindi\u00f3 homenaje a la comunidad alemana en Corrientes"},"content":{"rendered":"\n<p>33\u00b0 Aniversario de la Reunificaci\u00f3n<\/p>\n\n\n\n<p>Con motivo de adherir a las conmemoraciones de pa\u00edses lim\u00edtrofes, miembros del Mercosur y de aquellos que tengan representaci\u00f3n en Corrientes a trav\u00e9s de consulados y colectividades, se realiz\u00f3 este martes el acto homenaje con motivo del 33\u00b0 aniversario de la reunificaci\u00f3n de Alemania que tuvo lugar en el hall del Palacio legislativo.<\/p>\n\n\n\n<p>En representaci\u00f3n de la Vicegobernaci\u00f3n participaron la Directora de Relaciones Internacionales, Directora de Relaciones Institucionales, personal t\u00e9cnico, y autoridades de la C\u00e1mara legislativa. El presidente de la Asociaci\u00f3n Alemana de Corrientes, Diego Klein, junto a autoridades e integrantes de la misma. Acompa\u00f1aron adem\u00e1s, la diputada nacional Ingrid Jetter, y miembros de las distintas colectividades.<\/p>\n\n\n\n<p>Al inicio del acto se enton\u00f3 el Himno Nacional Argentino y el Himno Nacional de Alemania.<\/p>\n\n\n\n<p>Seguidamente, hizo uso de la palabra el se\u00f1or Diego Klein quien agradeci\u00f3 por este homenaje y se refiri\u00f3 a \u201cla importancia de esta fecha para el pueblo alem\u00e1n. Conmemorar este aniversario de la reunificaci\u00f3n es un recordatorio de la b\u00fasqueda de la libertad, capaz de superar cualquier obst\u00e1culo\u201d.<\/p>\n\n\n\n<p>En tanto, Santiago Faisal habl\u00f3 en nombre de la Vicegobernaci\u00f3n y expres\u00f3 \u201cadmiraci\u00f3n y respeto a la Rep\u00fablica alemana, en un d\u00eda para reflexionar que se logr\u00f3 unir dos Alemanias, donde muchas familias quedaron divididas. La uni\u00f3n de ese pueblo alem\u00e1n pudo superar todo obst\u00e1culo, lo que fortalece como pueblo para construir juntos el futuro\u201d.<\/p>\n\n\n\n<p>A continuaci\u00f3n, se hizo entrega de la declaraci\u00f3n de inter\u00e9s por el aniversario del D\u00eda de la Unidad de Alemania de la Presidencia de la Honorable C\u00e1mara de Senadores al representante de la Asociaci\u00f3n Alemana de Corrientes, Diego Klein.<\/p>\n\n\n\n<p>En este marco, a trav\u00e9s del Programa Luminarias, la C\u00e1mara de Senadores rinde homenaje y como reconocimiento, se ilumina la fachada de la Legislatura con los colores de las banderas de las naciones a cuyas celebraciones adhiere. En esta oportunidad con los colores de la bandera de la Rep\u00fablica Federal de Alemania, rojo, amarillo y negro.<\/p>\n\n\n\n<p>El 3 de octubre de 1990 se firm\u00f3 en Berl\u00edn el Tratado de Adhesi\u00f3n, en el que la RDA renunci\u00f3 a su soberan\u00eda estatal y se adhiri\u00f3 a la Rep\u00fablica Federal de Alemania. Ese paso complet\u00f3 la reunificaci\u00f3n de Alemania. El desarrollo hacia esa culminaci\u00f3n comenz\u00f3 con las Manifestaciones de los Lunes en Leipzig en la RDA a partir del 4 de septiembre de 1989 y lleg\u00f3 a su punto culminante simb\u00f3lico con la ca\u00edda del Muro, el 9 de noviembre.<\/p>\n\n\n\n<p>En la Rep\u00fablica Federal, el &#8220;D\u00eda de la Unidad Alemana&#8221; se celebraba anteriormente el 17 de junio. Ese d\u00eda conmemoraba los levantamientos de 1953 en la RDA, sangrientamente reprimidos por la Polic\u00eda y las Fuerzas Armadas de la URSS. La RDA celebraba como &#8220;D\u00eda de la Rep\u00fablica&#8221; los aniversarios del d\u00eda de su fundaci\u00f3n, el 7 de octubre de 1949.<\/p>\n\n\n\n<p>Treinta a\u00f1os despu\u00e9s de la reunificaci\u00f3n, el Oeste y el Este de Alemania han crecido y se han unido en muchos aspectos, pero simult\u00e1neamente todav\u00eda pueden percibirse huellas de la divisi\u00f3n. La Alemania reunificada est\u00e1 comprometida con la paz y la seguridad, con hacer realidad la idea europea y con los derechos humanos, la libertad y la democracia en el seno de la comunidad internacional.<\/p>\n\n\n\n<figure class=\"wp-block-image size-large\"><img loading=\"lazy\" decoding=\"async\" width=\"1024\" height=\"683\" src=\"https:\/\/corrientesdetarde.com\/wp-content\/uploads\/2023\/10\/WhatsApp-Image-2023-10-03-at-14.43.42-1024x683.jpeg\" alt=\"\" class=\"wp-image-92433\" srcset=\"https:\/\/corrientesdetarde.com\/wp-content\/uploads\/2023\/10\/WhatsApp-Image-2023-10-03-at-14.43.42-1024x683.jpeg 1024w, https:\/\/corrientesdetarde.com\/wp-content\/uploads\/2023\/10\/WhatsApp-Image-2023-10-03-at-14.43.42-300x200.jpeg 300w, https:\/\/corrientesdetarde.com\/wp-content\/uploads\/2023\/10\/WhatsApp-Image-2023-10-03-at-14.43.42-768x512.jpeg 768w, https:\/\/corrientesdetarde.com\/wp-content\/uploads\/2023\/10\/WhatsApp-Image-2023-10-03-at-14.43.42-1536x1024.jpeg 1536w, https:\/\/corrientesdetarde.com\/wp-content\/uploads\/2023\/10\/WhatsApp-Image-2023-10-03-at-14.43.42.jpeg 1599w\" sizes=\"auto, (max-width: 1024px) 100vw, 1024px\" \/><\/figure>\n\n\n\n<figure class=\"wp-block-image size-large\"><img loading=\"lazy\" decoding=\"async\" width=\"1024\" height=\"683\" src=\"https:\/\/corrientesdetarde.com\/wp-content\/uploads\/2023\/10\/WhatsApp-Image-2023-10-03-at-14.43.43-1024x683.jpeg\" alt=\"\" class=\"wp-image-92431\" srcset=\"https:\/\/corrientesdetarde.com\/wp-content\/uploads\/2023\/10\/WhatsApp-Image-2023-10-03-at-14.43.43-1024x683.jpeg 1024w, https:\/\/corrientesdetarde.com\/wp-content\/uploads\/2023\/10\/WhatsApp-Image-2023-10-03-at-14.43.43-300x200.jpeg 300w, https:\/\/corrientesdetarde.com\/wp-content\/uploads\/2023\/10\/WhatsApp-Image-2023-10-03-at-14.43.43-768x512.jpeg 768w, https:\/\/corrientesdetarde.com\/wp-content\/uploads\/2023\/10\/WhatsApp-Image-2023-10-03-at-14.43.43-1536x1024.jpeg 1536w, https:\/\/corrientesdetarde.com\/wp-content\/uploads\/2023\/10\/WhatsApp-Image-2023-10-03-at-14.43.43.jpeg 1599w\" sizes=\"auto, (max-width: 1024px) 100vw, 1024px\" \/><\/figure>\n\n\n\n<figure class=\"wp-block-image size-large\"><img loading=\"lazy\" decoding=\"async\" width=\"1024\" height=\"683\" src=\"https:\/\/corrientesdetarde.com\/wp-content\/uploads\/2023\/10\/WhatsApp-Image-2023-10-03-at-14.43.42-2-1024x683.jpeg\" alt=\"\" class=\"wp-image-92432\" srcset=\"https:\/\/corrientesdetarde.com\/wp-content\/uploads\/2023\/10\/WhatsApp-Image-2023-10-03-at-14.43.42-2-1024x683.jpeg 1024w, https:\/\/corrientesdetarde.com\/wp-content\/uploads\/2023\/10\/WhatsApp-Image-2023-10-03-at-14.43.42-2-300x200.jpeg 300w, https:\/\/corrientesdetarde.com\/wp-content\/uploads\/2023\/10\/WhatsApp-Image-2023-10-03-at-14.43.42-2-768x512.jpeg 768w, https:\/\/corrientesdetarde.com\/wp-content\/uploads\/2023\/10\/WhatsApp-Image-2023-10-03-at-14.43.42-2-1536x1024.jpeg 1536w, https:\/\/corrientesdetarde.com\/wp-content\/uploads\/2023\/10\/WhatsApp-Image-2023-10-03-at-14.43.42-2.jpeg 1599w\" sizes=\"auto, (max-width: 1024px) 100vw, 1024px\" \/><\/figure>\n\n\n\n<figure class=\"wp-block-image size-large\"><img loading=\"lazy\" decoding=\"async\" width=\"1024\" height=\"683\" src=\"https:\/\/corrientesdetarde.com\/wp-content\/uploads\/2023\/10\/WhatsApp-Image-2023-10-03-at-14.43.42-1-1024x683.jpeg\" alt=\"\" class=\"wp-image-92434\" srcset=\"https:\/\/corrientesdetarde.com\/wp-content\/uploads\/2023\/10\/WhatsApp-Image-2023-10-03-at-14.43.42-1-1024x683.jpeg 1024w, https:\/\/corrientesdetarde.com\/wp-content\/uploads\/2023\/10\/WhatsApp-Image-2023-10-03-at-14.43.42-1-300x200.jpeg 300w, https:\/\/corrientesdetarde.com\/wp-content\/uploads\/2023\/10\/WhatsApp-Image-2023-10-03-at-14.43.42-1-768x512.jpeg 768w, https:\/\/corrientesdetarde.com\/wp-content\/uploads\/2023\/10\/WhatsApp-Image-2023-10-03-at-14.43.42-1-1536x1024.jpeg 1536w, https:\/\/corrientesdetarde.com\/wp-content\/uploads\/2023\/10\/WhatsApp-Image-2023-10-03-at-14.43.42-1.jpeg 1599w\" sizes=\"auto, (max-width: 1024px) 100vw, 1024px\" \/><\/figure>\n","protected":false},"excerpt":{"rendered":"<p>33\u00b0 Aniversario de la Reunificaci\u00f3n Con motivo de adherir a las conmemoraciones de pa\u00edses lim\u00edtrofes, miembros del Mercosur y de aquellos que tengan representaci\u00f3n en Corrientes a trav\u00e9s de consulados&hellip; <\/p>\n","protected":false},"author":8,"featured_media":92431,"comment_status":"closed","ping_status":"open","sticky":false,"template":"","format":"standard","meta":{"footnotes":""},"categories":[8],"tags":[],"class_list":["post-92430","post","type-post","status-publish","format-standard","has-post-thumbnail","hentry","category-locales"],"_links":{"self":[{"href":"https:\/\/corrientesdetarde.com\/index.php\/wp-json\/wp\/v2\/posts\/92430","targetHints":{"allow":["GET"]}}],"collection":[{"href":"https:\/\/corrientesdetarde.com\/index.php\/wp-json\/wp\/v2\/posts"}],"about":[{"href":"https:\/\/corrientesdetarde.com\/index.php\/wp-json\/wp\/v2\/types\/post"}],"author":[{"embeddable":true,"href":"https:\/\/corrientesdetarde.com\/index.php\/wp-json\/wp\/v2\/users\/8"}],"replies":[{"embeddable":true,"href":"https:\/\/corrientesdetarde.com\/index.php\/wp-json\/wp\/v2\/comments?post=92430"}],"version-history":[{"count":1,"href":"https:\/\/corrientesdetarde.com\/index.php\/wp-json\/wp\/v2\/posts\/92430\/revisions"}],"predecessor-version":[{"id":92435,"href":"https:\/\/corrientesdetarde.com\/index.php\/wp-json\/wp\/v2\/posts\/92430\/revisions\/92435"}],"wp:featuredmedia":[{"embeddable":true,"href":"https:\/\/corrientesdetarde.com\/index.php\/wp-json\/wp\/v2\/media\/92431"}],"wp:attachment":[{"href":"https:\/\/corrientesdetarde.com\/index.php\/wp-json\/wp\/v2\/media?parent=92430"}],"wp:term":[{"taxonomy":"category","embeddable":true,"href":"https:\/\/corrientesdetarde.com\/index.php\/wp-json\/wp\/v2\/categories?post=92430"},{"taxonomy":"post_tag","embeddable":true,"href":"https:\/\/corrientesdetarde.com\/index.php\/wp-json\/wp\/v2\/tags?post=92430"}],"curies":[{"name":"wp","href":"https:\/\/api.w.org\/{rel}","templated":true}]}}