{"id":92549,"date":"2023-10-03T23:42:35","date_gmt":"2023-10-04T02:42:35","guid":{"rendered":"https:\/\/corrientesdetarde.com\/?p=92549"},"modified":"2023-10-03T23:42:36","modified_gmt":"2023-10-04T02:42:36","slug":"bizarrap-confirmo-quien-sera-el-protagonista-de-su-nuevo-tema","status":"publish","type":"post","link":"https:\/\/corrientesdetarde.com\/index.php\/espectaculos\/bizarrap-confirmo-quien-sera-el-protagonista-de-su-nuevo-tema\/","title":{"rendered":"Bizarrap confirm\u00f3 qui\u00e9n ser\u00e1 el protagonista de su nuevo tema"},"content":{"rendered":"\n<p>Tras el despliegue con el video junto a Guillermo Francella, los fans esperaban a un l\u00edder de la m\u00fasica Pop. Sin embargo, el productor musical sorprendi\u00f3 al revelar que la Session #57 la har\u00e1 junto a Milo J.<\/p>\n\n\n\n<p>Muchos nombres sonaron en redes sociales cuando&nbsp;<strong>Bizarrap<\/strong>&nbsp;anunci\u00f3 con una&nbsp;<strong>megaproducci\u00f3n<\/strong>&nbsp;la inminente llegada de su nuevo tema musical,&nbsp;<strong>Session #57<\/strong>.<\/p>\n\n\n\n<p>En el video que se viraliz\u00f3 r\u00e1pidamente, el productor musical emulaba estar en la pel\u00edcula&nbsp;<strong>El Lobo de Wall Street<\/strong>&nbsp;y contaba con la colaboraci\u00f3n, nada m\u00e1s y nada menos, que de<strong>&nbsp;Guillermo Francella.<\/strong>&nbsp;Adem\u00e1s, hab\u00eda cambiado su nombre a&nbsp;<strong>BizaPop<\/strong>, motivo que hizo pensar a muchos en la posibilidad de que tuviera a Justin Bieber en su nuevo tema.<\/p>\n\n\n\n<p>En el video de 9 minutos, el productor celebr\u00f3 los&nbsp;<strong>8.500 millones de reproducciones en Spotify<\/strong>, un n\u00famero impensado para artistas que la pelean desde hace muchos a\u00f1os.<\/p>\n\n\n\n<p>Sin embargo,&nbsp;<strong>Bizarrap sorprendi\u00f3 al revelar que no hab\u00eda elegido a una mega figura<\/strong>, sino que quien lo acompa\u00f1a es<strong>&nbsp;Milo J<\/strong>, un joven artista que a\u00fan no es mundialmente conocido, ni por asomo. Habr\u00e1 que esperar hasta el 4 de octubre para escuchar este nuevo tema musical.<\/p>\n\n\n\n<p>Milo J es un artista muy joven, oriundo de&nbsp;<strong>Mor\u00f3n<\/strong>, provincia se Buenos Aires. Tiene su canal de Youtube, donde comparte su m\u00fasica. Tiene solo 16 a\u00f1os pero ya colabor\u00f3 con Nicki Nicole para su tema \u201cDispara\u201d y ya cont\u00f3 con la aprobaci\u00f3n de Duki y Lit Killah.<\/p>\n\n\n\n<p>El artista tiene<strong>\u00a0886 mil suscripciones en Youtube<\/strong>, pero habr\u00e1 que ver c\u00f3mo despega su carrera con el padrinazgo de Bizarrap y la legada de su nuevo tema musical.<\/p>\n\n\n\n<figure class=\"wp-block-embed is-type-video is-provider-youtube wp-block-embed-youtube wp-embed-aspect-16-9 wp-has-aspect-ratio\"><div class=\"wp-block-embed__wrapper\">\n<iframe loading=\"lazy\" title=\"BIZAPOP\" width=\"1110\" height=\"624\" src=\"https:\/\/www.youtube.com\/embed\/gZhAuUTndEQ?feature=oembed\" frameborder=\"0\" allow=\"accelerometer; autoplay; clipboard-write; encrypted-media; gyroscope; picture-in-picture; web-share\" allowfullscreen><\/iframe>\n<\/div><\/figure>\n","protected":false},"excerpt":{"rendered":"<p>Tras el despliegue con el video junto a Guillermo Francella, los fans esperaban a un l\u00edder de la m\u00fasica Pop. Sin embargo, el productor musical sorprendi\u00f3 al revelar que la&hellip; <\/p>\n","protected":false},"author":4,"featured_media":92550,"comment_status":"closed","ping_status":"open","sticky":false,"template":"","format":"standard","meta":{"footnotes":""},"categories":[19],"tags":[],"class_list":["post-92549","post","type-post","status-publish","format-standard","has-post-thumbnail","hentry","category-espectaculos"],"_links":{"self":[{"href":"https:\/\/corrientesdetarde.com\/index.php\/wp-json\/wp\/v2\/posts\/92549","targetHints":{"allow":["GET"]}}],"collection":[{"href":"https:\/\/corrientesdetarde.com\/index.php\/wp-json\/wp\/v2\/posts"}],"about":[{"href":"https:\/\/corrientesdetarde.com\/index.php\/wp-json\/wp\/v2\/types\/post"}],"author":[{"embeddable":true,"href":"https:\/\/corrientesdetarde.com\/index.php\/wp-json\/wp\/v2\/users\/4"}],"replies":[{"embeddable":true,"href":"https:\/\/corrientesdetarde.com\/index.php\/wp-json\/wp\/v2\/comments?post=92549"}],"version-history":[{"count":1,"href":"https:\/\/corrientesdetarde.com\/index.php\/wp-json\/wp\/v2\/posts\/92549\/revisions"}],"predecessor-version":[{"id":92568,"href":"https:\/\/corrientesdetarde.com\/index.php\/wp-json\/wp\/v2\/posts\/92549\/revisions\/92568"}],"wp:featuredmedia":[{"embeddable":true,"href":"https:\/\/corrientesdetarde.com\/index.php\/wp-json\/wp\/v2\/media\/92550"}],"wp:attachment":[{"href":"https:\/\/corrientesdetarde.com\/index.php\/wp-json\/wp\/v2\/media?parent=92549"}],"wp:term":[{"taxonomy":"category","embeddable":true,"href":"https:\/\/corrientesdetarde.com\/index.php\/wp-json\/wp\/v2\/categories?post=92549"},{"taxonomy":"post_tag","embeddable":true,"href":"https:\/\/corrientesdetarde.com\/index.php\/wp-json\/wp\/v2\/tags?post=92549"}],"curies":[{"name":"wp","href":"https:\/\/api.w.org\/{rel}","templated":true}]}}