{"id":92565,"date":"2023-10-03T23:42:21","date_gmt":"2023-10-04T02:42:21","guid":{"rendered":"https:\/\/corrientesdetarde.com\/?p=92565"},"modified":"2023-10-03T23:42:33","modified_gmt":"2023-10-04T02:42:33","slug":"volco-un-colectivo-con-alumnos-correntinos-que-volvian-de-viaje-de-egresados","status":"publish","type":"post","link":"https:\/\/corrientesdetarde.com\/index.php\/sociales\/volco-un-colectivo-con-alumnos-correntinos-que-volvian-de-viaje-de-egresados\/","title":{"rendered":"volc\u00f3 un\u00a0colectivo con alumnos correntinos que volv\u00edan de viaje de egresados"},"content":{"rendered":"\n<p>En el lugar trabajan Bomberos Voluntarios.\u00a0<\/p>\n\n\n\n<p>Un colectivo con alumnos correntinos despist\u00f3 y volc\u00f3 en cercan\u00edas a la ciudad entrerriana de Col\u00f3n, informaron este martes fuentes locales.&nbsp; La empresa Flecha Bus emiti\u00f3 un comunicado para llevar tranquilidad a las familias de los estudiantes. Asegur\u00f3 que no hay heridos graves y que todos fueron atendidos.<\/p>\n\n\n\n<p>De acuerdo a los primeros datos, se trata de una delegaci\u00f3n del colegio San Jos\u00e9 de Paso de los&nbsp;Libres que volv\u00eda de su viaje de egresados.&nbsp;<\/p>\n\n\n\n<figure class=\"wp-block-image\"><img decoding=\"async\" src=\"https:\/\/pxc.cdn.ellitoral.com.ar\/litoral\/102023\/1696381472014.webp?cw=502&amp;ch=395&amp;extw=jpg\" alt=\"Despist\u00f3 y volc\u00f3 un\u00a0colectivo con alumnos correntinos que volv\u00edan de su viaje de egresados\"\/><\/figure>\n\n\n\n<p>Por causas que se tratan de establecer, el micro tuvo un accidente sobre la Ruta nacional N\u00b0 14 a la altura del kil\u00f3metro 160.&nbsp;<\/p>\n\n\n\n<p>Medios locales se\u00f1alaron que en colectivo ven\u00edan&nbsp;alrededor de 38&nbsp;personas.&nbsp;<\/p>\n\n\n\n<p>Entre tanto, los Bomberos Voluntarios de San Jos\u00e9 que trabajan en el lugar, precisaron que algunos pasajeros sufrieron heridas&nbsp;de diferentes consideraci\u00f3n.&nbsp;<\/p>\n\n\n\n<p>Hasta ahora no se reportaron v\u00edctimas fatales.&nbsp;<\/p>\n\n\n\n<figure class=\"wp-block-image\"><img decoding=\"async\" src=\"https:\/\/pxc.cdn.ellitoral.com.ar\/litoral\/102023\/1696381472809.webp?cw=828&amp;ch=597&amp;extw=jpg\" alt=\"Despist\u00f3 y volc\u00f3 un\u00a0colectivo con alumnos correntinos que volv\u00edan de su viaje de egresados\"\/><\/figure>\n\n\n\n<p>COMUNICADO DE LA EMPRESA<\/p>\n\n\n\n<p><em><strong>&#8220;Flecha Bus lamenta lo sucedido con el interno 9826, que transportaba un contingente de estudiantes. Los mismos, han sido atendido por m\u00e9dicos presentes en el lugar y manifestaron que s\u00f3lo presentan lesiones leves. De todos modos volver\u00e1n a ser controlados inmediato con la correspondiente asistencia de salud.&nbsp;<\/strong><\/em><\/p>\n\n\n\n<p><em><strong>Hemos puesto nuestros equipos a disposici\u00f3n del grupo y se est\u00e1 trabajando en el lugar para esclarecer lo sucedido.&nbsp;<\/strong><\/em><\/p>\n\n\n\n<p><em><strong>En el transcurso del d\u00eda mi\u00e9rcoles se ira ampliando la informaci\u00f3n&#8221;<\/strong><\/em>.&nbsp;<\/p>\n","protected":false},"excerpt":{"rendered":"<p>En el lugar trabajan Bomberos Voluntarios.\u00a0 Un colectivo con alumnos correntinos despist\u00f3 y volc\u00f3 en cercan\u00edas a la ciudad entrerriana de Col\u00f3n, informaron este martes fuentes locales.&nbsp; La empresa Flecha&hellip; <\/p>\n","protected":false},"author":4,"featured_media":92566,"comment_status":"closed","ping_status":"open","sticky":false,"template":"","format":"standard","meta":{"footnotes":""},"categories":[17],"tags":[],"class_list":["post-92565","post","type-post","status-publish","format-standard","has-post-thumbnail","hentry","category-sociales"],"_links":{"self":[{"href":"https:\/\/corrientesdetarde.com\/index.php\/wp-json\/wp\/v2\/posts\/92565","targetHints":{"allow":["GET"]}}],"collection":[{"href":"https:\/\/corrientesdetarde.com\/index.php\/wp-json\/wp\/v2\/posts"}],"about":[{"href":"https:\/\/corrientesdetarde.com\/index.php\/wp-json\/wp\/v2\/types\/post"}],"author":[{"embeddable":true,"href":"https:\/\/corrientesdetarde.com\/index.php\/wp-json\/wp\/v2\/users\/4"}],"replies":[{"embeddable":true,"href":"https:\/\/corrientesdetarde.com\/index.php\/wp-json\/wp\/v2\/comments?post=92565"}],"version-history":[{"count":1,"href":"https:\/\/corrientesdetarde.com\/index.php\/wp-json\/wp\/v2\/posts\/92565\/revisions"}],"predecessor-version":[{"id":92567,"href":"https:\/\/corrientesdetarde.com\/index.php\/wp-json\/wp\/v2\/posts\/92565\/revisions\/92567"}],"wp:featuredmedia":[{"embeddable":true,"href":"https:\/\/corrientesdetarde.com\/index.php\/wp-json\/wp\/v2\/media\/92566"}],"wp:attachment":[{"href":"https:\/\/corrientesdetarde.com\/index.php\/wp-json\/wp\/v2\/media?parent=92565"}],"wp:term":[{"taxonomy":"category","embeddable":true,"href":"https:\/\/corrientesdetarde.com\/index.php\/wp-json\/wp\/v2\/categories?post=92565"},{"taxonomy":"post_tag","embeddable":true,"href":"https:\/\/corrientesdetarde.com\/index.php\/wp-json\/wp\/v2\/tags?post=92565"}],"curies":[{"name":"wp","href":"https:\/\/api.w.org\/{rel}","templated":true}]}}