{"id":92569,"date":"2023-10-03T23:48:19","date_gmt":"2023-10-04T02:48:19","guid":{"rendered":"https:\/\/corrientesdetarde.com\/?p=92569"},"modified":"2023-10-03T23:48:31","modified_gmt":"2023-10-04T02:48:31","slug":"alerta-naranja-en-el-interior-ya-se-registraron-tormentas-con-caida-de-granizo","status":"publish","type":"post","link":"https:\/\/corrientesdetarde.com\/index.php\/clima\/alerta-naranja-en-el-interior-ya-se-registraron-tormentas-con-caida-de-granizo\/","title":{"rendered":"alerta naranja: en el interior ya se registraron tormentas con ca\u00edda de granizo"},"content":{"rendered":"\n<p>El Servicio Meteorol\u00f3gico Nacional indica que parte del interior de la provincia se encuentra bajo alerta naranja por tormentas. Algunas ya comenzaron a registarse en la localidad de Mercedes con ca\u00edda de granizo de gran tama\u00f1o.\u00a0 Las lluvias seguir\u00edan en toda la provincia este mi\u00e9rcoles con m\u00ednimas de 16 y m\u00e1ximas de 21 grados.<\/p>\n\n\n\n<p><strong>Aviso a corto plazo para Curuzu Cuatia &#8211; Goya &#8211; Lavalle &#8211; Mercedes &#8211; Paso de los Libres<\/strong><\/p>\n\n\n\n<p><strong>Alerta naranja:<\/strong>&nbsp;El \u00e1rea ser\u00e1 afectada por lluvias y tormentas de intensidad fuerte o severa. Las mismas pueden estar acompa\u00f1adas por ca\u00edda de granizo, r\u00e1fagas intensas, actividad el\u00e9ctrica fuerte y abundante ca\u00edda de agua en cortos per\u00edodos. Se esperan valores de precipitaci\u00f3n acumulada entre 60 y 100 mm, pudiendo ser superados de manera local.<\/p>\n\n\n\n<figure class=\"wp-block-image\"><img decoding=\"async\" src=\"https:\/\/www.diarioepoca.com\/content\/bucket\/9\/1323119w762h776c.jpg.webp\" alt=\"\"\/><\/figure>\n\n\n\n<p><strong>Clima del mi\u00e9rcoles<\/strong><\/p>\n\n\n\n<p>El pron\u00f3stico del tiempo para la ciudad de Corrientes , indica que hoy 4 de octubre el cielo estar\u00e1 con tormentas fuertes por la madrugada y la temperatura rondar\u00e1 entre 16 grados de m\u00ednima y los 21 de m\u00e1xima.<\/p>\n\n\n\n<p>&nbsp;<br>De acuerdo al parte Servicio Meteorol\u00f3gico Nacional, el clima presenta una probabilidad de lluvia de entre 70 y 100 por ciento, y los vientos del sur correr\u00e1n a una velocidad de entre 23 y 31 kil\u00f3metros por hora. La humedad ser\u00eda del 54 por ciento.<\/p>\n\n\n\n<p>&nbsp;<br>Por la ma\u00f1ana, el cielo estar\u00e1 con chaparrones, con vientos del sur entre 23 y 31 kil\u00f3metros y la visibilidad ser\u00eda regular. La probabilidad de lluvia estar\u00eda en el orden del 10 y 40 por ciento para esta franja del d\u00eda.<\/p>\n\n\n\n<p>&nbsp;<br>El sol sale a las 06:32 y se pone a las 18:57.<\/p>\n\n\n\n<p>&nbsp;<br><strong>Pron\u00f3stico del tiempo en Corrientes para la tarde y la noche<\/strong><\/p>\n\n\n\n<p><br>El parte del servicio meteorol\u00f3gico prev\u00e9 que para despu\u00e9s del mediod\u00eda el cielo estar\u00e1 parcialmente nublado y los vientos del sector sur tendr\u00e1n velocidades estimadas entre 23 y 31km\/h. La temperatura pronosticada ser\u00eda de 21 grados.<\/p>\n\n\n\n<p>&nbsp;<br>&nbsp;<br>A la noche, el clima rondar\u00e1 los 17 grados, mientras que los vientos ser\u00e1n del sur a una velocidad de 13 y 22 kil\u00f3metros por hora. No se esperan lluvias para esta franja del d\u00eda.<\/p>\n","protected":false},"excerpt":{"rendered":"<p>El Servicio Meteorol\u00f3gico Nacional indica que parte del interior de la provincia se encuentra bajo alerta naranja por tormentas. Algunas ya comenzaron a registarse en la localidad de Mercedes con&hellip; <\/p>\n","protected":false},"author":4,"featured_media":92570,"comment_status":"closed","ping_status":"open","sticky":false,"template":"","format":"standard","meta":{"footnotes":""},"categories":[29],"tags":[],"class_list":["post-92569","post","type-post","status-publish","format-standard","has-post-thumbnail","hentry","category-clima"],"_links":{"self":[{"href":"https:\/\/corrientesdetarde.com\/index.php\/wp-json\/wp\/v2\/posts\/92569","targetHints":{"allow":["GET"]}}],"collection":[{"href":"https:\/\/corrientesdetarde.com\/index.php\/wp-json\/wp\/v2\/posts"}],"about":[{"href":"https:\/\/corrientesdetarde.com\/index.php\/wp-json\/wp\/v2\/types\/post"}],"author":[{"embeddable":true,"href":"https:\/\/corrientesdetarde.com\/index.php\/wp-json\/wp\/v2\/users\/4"}],"replies":[{"embeddable":true,"href":"https:\/\/corrientesdetarde.com\/index.php\/wp-json\/wp\/v2\/comments?post=92569"}],"version-history":[{"count":1,"href":"https:\/\/corrientesdetarde.com\/index.php\/wp-json\/wp\/v2\/posts\/92569\/revisions"}],"predecessor-version":[{"id":92571,"href":"https:\/\/corrientesdetarde.com\/index.php\/wp-json\/wp\/v2\/posts\/92569\/revisions\/92571"}],"wp:featuredmedia":[{"embeddable":true,"href":"https:\/\/corrientesdetarde.com\/index.php\/wp-json\/wp\/v2\/media\/92570"}],"wp:attachment":[{"href":"https:\/\/corrientesdetarde.com\/index.php\/wp-json\/wp\/v2\/media?parent=92569"}],"wp:term":[{"taxonomy":"category","embeddable":true,"href":"https:\/\/corrientesdetarde.com\/index.php\/wp-json\/wp\/v2\/categories?post=92569"},{"taxonomy":"post_tag","embeddable":true,"href":"https:\/\/corrientesdetarde.com\/index.php\/wp-json\/wp\/v2\/tags?post=92569"}],"curies":[{"name":"wp","href":"https:\/\/api.w.org\/{rel}","templated":true}]}}