{"id":92582,"date":"2023-10-04T06:25:02","date_gmt":"2023-10-04T09:25:02","guid":{"rendered":"https:\/\/corrientesdetarde.com\/?p=92582"},"modified":"2023-10-04T06:25:08","modified_gmt":"2023-10-04T09:25:08","slug":"fernandez-no-se-expide-sobre-los-casos-que-le-complican-la-campana-a-massa","status":"publish","type":"post","link":"https:\/\/corrientesdetarde.com\/index.php\/politica\/fernandez-no-se-expide-sobre-los-casos-que-le-complican-la-campana-a-massa\/","title":{"rendered":"Fern\u00e1ndez no se expide sobre los casos que le complican la campa\u00f1a a Massa"},"content":{"rendered":"\n<p>(Juan Pablo Peralta, Casa de Gobierno) &#8211; El presidente Alberto Fern\u00e1ndez inici\u00f3, al igual que sus ministros, una semana sin agendas laborales.<\/p>\n\n\n\n<figure class=\"wp-block-embed is-type-video is-provider-youtube wp-block-embed-youtube wp-embed-aspect-16-9 wp-has-aspect-ratio\"><div class=\"wp-block-embed__wrapper\">\n<iframe loading=\"lazy\" title=\"Fernandez no habla de los escandalos\" width=\"1110\" height=\"624\" src=\"https:\/\/www.youtube.com\/embed\/QDfDGV8A9CA?feature=oembed\" frameborder=\"0\" allow=\"accelerometer; autoplay; clipboard-write; encrypted-media; gyroscope; picture-in-picture; web-share\" allowfullscreen><\/iframe>\n<\/div><\/figure>\n\n\n\n<p>Tanto \u00e9l como el candidato y ministro de Econom\u00eda, Sergio Massa, solo se refirieron al debate presidencial de este domingo en Santiago del Estero a trav\u00e9s de sus redes sociales. El titular de Hacienda y el jefe de Gabinete, Agust\u00edn Rossi, hicieron alguna declaraci\u00f3n p\u00fablica sobre el caso Insaurralde, quien tuvo que dejar su cargo en la jefatura de ministros bonaerenses y su candidatura a Concejal de Lomas de Zamora. Massa tambi\u00e9n le pidi\u00f3 a Silvina Batakis la renuncia de su directora general del Banco Naci\u00f3n, Mar\u00eda del Carmen Barros, que contrat\u00f3 a una numer\u00f3loga, no as\u00ed la de familiares que incorpor\u00f3 la ex ministra a la entidad bancaria.<\/p>\n","protected":false},"excerpt":{"rendered":"<p>(Juan Pablo Peralta, Casa de Gobierno) &#8211; El presidente Alberto Fern\u00e1ndez inici\u00f3, al igual que sus ministros, una semana sin agendas laborales. Tanto \u00e9l como el candidato y ministro de&hellip; <\/p>\n","protected":false},"author":11,"featured_media":92583,"comment_status":"closed","ping_status":"open","sticky":false,"template":"","format":"standard","meta":{"footnotes":""},"categories":[3],"tags":[98,99],"class_list":["post-92582","post","type-post","status-publish","format-standard","has-post-thumbnail","hentry","category-politica","tag-fernandez","tag-massa"],"_links":{"self":[{"href":"https:\/\/corrientesdetarde.com\/index.php\/wp-json\/wp\/v2\/posts\/92582","targetHints":{"allow":["GET"]}}],"collection":[{"href":"https:\/\/corrientesdetarde.com\/index.php\/wp-json\/wp\/v2\/posts"}],"about":[{"href":"https:\/\/corrientesdetarde.com\/index.php\/wp-json\/wp\/v2\/types\/post"}],"author":[{"embeddable":true,"href":"https:\/\/corrientesdetarde.com\/index.php\/wp-json\/wp\/v2\/users\/11"}],"replies":[{"embeddable":true,"href":"https:\/\/corrientesdetarde.com\/index.php\/wp-json\/wp\/v2\/comments?post=92582"}],"version-history":[{"count":1,"href":"https:\/\/corrientesdetarde.com\/index.php\/wp-json\/wp\/v2\/posts\/92582\/revisions"}],"predecessor-version":[{"id":92584,"href":"https:\/\/corrientesdetarde.com\/index.php\/wp-json\/wp\/v2\/posts\/92582\/revisions\/92584"}],"wp:featuredmedia":[{"embeddable":true,"href":"https:\/\/corrientesdetarde.com\/index.php\/wp-json\/wp\/v2\/media\/92583"}],"wp:attachment":[{"href":"https:\/\/corrientesdetarde.com\/index.php\/wp-json\/wp\/v2\/media?parent=92582"}],"wp:term":[{"taxonomy":"category","embeddable":true,"href":"https:\/\/corrientesdetarde.com\/index.php\/wp-json\/wp\/v2\/categories?post=92582"},{"taxonomy":"post_tag","embeddable":true,"href":"https:\/\/corrientesdetarde.com\/index.php\/wp-json\/wp\/v2\/tags?post=92582"}],"curies":[{"name":"wp","href":"https:\/\/api.w.org\/{rel}","templated":true}]}}